{"id":905,"date":"2024-12-17T11:11:51","date_gmt":"2024-12-17T11:11:51","guid":{"rendered":"http:\/\/newelp.elp.fr\/?p=905"},"modified":"2025-04-28T13:50:25","modified_gmt":"2025-04-28T13:50:25","slug":"replay-webinaires-associer-des-podcasts-et-articles-web-assembler-et-diffuser-un-panorama-de-presse-en-quelques-clics","status":"publish","type":"post","link":"https:\/\/elp.fr\/index.php\/replay-webinaires-associer-des-podcasts-et-articles-web-assembler-et-diffuser-un-panorama-de-presse-en-quelques-clics\/","title":{"rendered":"[REPLAY WEBINAIRE] Associer des podcasts et articles web \u2013 Assembler et diffuser un panorama de presse en quelques clics"},"content":{"rendered":"\n<div class=\"wp-block-uagb-container uagb-block-8df71714 alignfull uagb-is-root-container\"><div class=\"uagb-container-inner-blocks-wrap\">\n<div class=\"wp-block-uagb-image uagb-block-ed03f759 wp-block-uagb-image--layout-default wp-block-uagb-image--effect-static wp-block-uagb-image--align-none wp-embed-aspect-16-9 wp-has-aspect-ratio\"><figure class=\"wp-block-uagb-image__figure\"><img decoding=\"async\" data-srcset=\"https:\/\/elp.fr\/wp-content\/uploads\/2024\/12\/AdobeStock_254110116-560x450-1.jpeg ,https:\/\/elp.fr\/wp-content\/uploads\/2024\/12\/AdobeStock_254110116-560x450-1.jpeg 780w, https:\/\/elp.fr\/wp-content\/uploads\/2024\/12\/AdobeStock_254110116-560x450-1.jpeg 360w\" data-sizes=\"(max-width: 480px) 150px\" data-src=\"https:\/\/elp.fr\/wp-content\/uploads\/2024\/12\/AdobeStock_254110116-560x450-1.jpeg\" alt=\"\" class=\"uag-image-906 lazyload\" width=\"1200\" height=\"422\" title=\"AdobeStock_254110116-560x450\" role=\"img\" src=\"data:image\/svg+xml;base64,PHN2ZyB3aWR0aD0iMSIgaGVpZ2h0PSIxIiB4bWxucz0iaHR0cDovL3d3dy53My5vcmcvMjAwMC9zdmciPjwvc3ZnPg==\" style=\"--smush-placeholder-width: 1200px; --smush-placeholder-aspect-ratio: 1200\/422;\" \/><\/figure><\/div>\n<\/div><\/div>\n\n\n\n<div class=\"wp-block-uagb-container wp-embed-aspect-16-9 wp-has-aspect-ratio uagb-block-e73bbcb4 alignfull uagb-is-root-container\"><div class=\"uagb-container-inner-blocks-wrap\">\n<div style=\"height:10px\" aria-hidden=\"true\" class=\"wp-block-spacer\"><\/div>\n\n\n\n<p>D\u00e9couvrez dans ces webinaires : Comment cr\u00e9er et diffuser un panorama de presse ? Comment valoriser un fonds d\u2019articles ?<br><br>Nous r\u00e9pondrons \u00e0 ces questions, lors de ces deux webinaires, en nous appuyant sur le logiciel Hyperdhoc Revue de Presse.&nbsp;<\/p>\n\n\n\n<div class=\"wp-block-uagb-advanced-heading uagb-block-ad907470\"><h4 class=\"uagb-heading-text\">Associer des podcasts et articles web (r\u00e9seaux sociaux, sites internet) \u00e0 vos panoramas de presse<\/h4><\/div>\n\n\n\n<p><strong>Collecter les diff\u00e9rents formats<\/strong><br>Les formats qui peuvent \u00eatre t\u00e9l\u00e9vers\u00e9s dans la base de donn\u00e9es sont : les fichiers audio, les fichiers vid\u00e9o, les fichiers bureautiques et les articles au format \u00e9lectronique.<br><br>Pour collecter ou ajouter des articles, il est possible de glisser-d\u00e9poser un ou plusieurs documents dans l\u2019espace de stockage du logiciel. Le documentaliste peut \u00e9galement t\u00e9l\u00e9verser les articles depuis le module Adobe Acrobate.<br><br><strong>D\u00e9crire et indexer les articles<\/strong><br>Chaque article de presse, stock\u00e9 dans la base de donn\u00e9es du logiciel est li\u00e9 \u00e0 une notice descriptive. La notice permet de consulter et de g\u00e9rer les m\u00e9tadonn\u00e9es rattach\u00e9es \u00e0 l\u2019article de presse et au fichier multim\u00e9dia.<br><br>Une aide \u00e0 la saisie est disponible pour renseigner certaines m\u00e9tadonn\u00e9es et ne pas commettre d\u2019erreur de r\u00e9f\u00e9rence. Cette aide permet par exemple au documentaliste de s\u00e9lectionner une rubrique dans le th\u00e9saurus, une source, mais \u00e9galement une rubrique de classement \u00e0 travers un r\u00e9f\u00e9rentiel. Ce r\u00e9f\u00e9rentiel peut \u00eatre aliment\u00e9 par le documentaliste.<br><br>Une URL peut \u00eatre associ\u00e9e \u00e0 cette fiche descriptive pour enrichir l\u2019article stock\u00e9.<br><br><strong>Associer une URL d&rsquo;acc\u00e8s au panorama de presse<br><\/strong>Les articles et les fichiers multim\u00e9dias sont import\u00e9s dans le panorama de presse et sont automatiquement pr\u00e9-class\u00e9s en fonction de leur rubrique de classement.<br><br>Le documentaliste peut associer des URL au panorama de presse en cours de traitement. Ces URL dirigent les lecteurs vers des sites internet, mais \u00e9galement vers des articles publi\u00e9s sur les r\u00e9seaux sociaux.<br><br>Un aper\u00e7u du panorama de presse peut \u00eatre affich\u00e9 avant sa publication. Le sommaire du panorama de presse affiche les articles de presse, les fichiers multim\u00e9dias et les URL. Les lecteurs ont la possibilit\u00e9 d\u2019acc\u00e9der au site internet ou \u00e0 l\u2019article publi\u00e9 sur un r\u00e9seau social, directement depuis l\u2019URL affich\u00e9e dans le sommaire.<br><br><strong>Mieux retrouver et partager les podcasts et articles web<br><\/strong>Deux types de recherche sont disponibles pour l\u2019ensemble des utilisateurs&nbsp;:<\/p>\n\n\n\n<ul class=\"wp-block-list\">\n<li>Une recherche simple, sous la forme d\u2019une barre de recherche de type \u00ab&nbsp;Google&nbsp;\u00bb.<\/li>\n\n\n\n<li>Une recherche \u00e9tendue, sous la forme d\u2019un formulaire de recherche.<\/li>\n<\/ul>\n\n\n\n<p>Le formulaire de recherche est param\u00e9trable selon les besoins des collaborateurs et des documentalistes.<br><br>Les utilisateurs peuvent r\u00e9aliser une recherche \u00e0 partir d\u2019un mot ou d\u2019une expression dans l\u2019ensemble de la base de donn\u00e9es du logiciel, mais \u00e9galement dans le contenu de chaque document. Les utilisateurs peuvent \u00e9galement rechercher un article ou un panorama de presse \u00e0 partir d\u2019une rubrique de classement \/ th\u00e9matique, d\u2019une source et d\u2019un \u00e9l\u00e9ment du th\u00e9saurus.<br><br>Les r\u00e9sultats de recherche peuvent \u00eatre tri\u00e9s et filtr\u00e9s. Les r\u00e9sultats peuvent par exemple \u00eatre filtr\u00e9s \u00e0 travers des facettes, en fonction d\u2019une source et d\u2019une rubrique de classement \/ th\u00e9matique.<br><br>Les articles pr\u00e9sents dans les r\u00e9sultats de recherche peuvent \u00eatre t\u00e9l\u00e9chargeables au format PDF et au export\u00e9s au format Excel. Les documentalistes ont \u00e9galement la possibilit\u00e9 de diffuser les articles de presse, par mail, aupr\u00e8s d\u2019un groupe de collaborateurs.<br><br>Les collaborateurs et les documentalistes peuvent enregistrer des profils de recherche. Ces profils permettent d\u2019enregistrer une recherche et de l\u2019ex\u00e9cuter automatiquement.<\/p>\n\n\n\n<figure class=\"wp-block-embed is-type-video is-provider-youtube wp-block-embed-youtube wp-embed-aspect-16-9 wp-has-aspect-ratio\"><div class=\"wp-block-embed__wrapper\">\n<iframe title=\"Associer des podcasts et articles web \u00e0 vos panoramas de presse avec Hyperdhoc Revue de Presse\" width=\"500\" height=\"281\" data-src=\"https:\/\/www.youtube.com\/embed\/KJua6cUAQBE?feature=oembed\" frameborder=\"0\" allow=\"accelerometer; autoplay; clipboard-write; encrypted-media; gyroscope; picture-in-picture; web-share\" referrerpolicy=\"strict-origin-when-cross-origin\" allowfullscreen src=\"data:image\/svg+xml;base64,PHN2ZyB3aWR0aD0iMSIgaGVpZ2h0PSIxIiB4bWxucz0iaHR0cDovL3d3dy53My5vcmcvMjAwMC9zdmciPjwvc3ZnPg==\" class=\"lazyload\" data-load-mode=\"1\"><\/iframe>\n<\/div><\/figure>\n\n\n\n<div class=\"wp-block-uagb-advanced-heading uagb-block-b0efd19e\"><h4 class=\"uagb-heading-text\">Assembler et diffuser vos panoramas de presse en quelques clics<\/h4><\/div>\n\n\n\n<p><strong>S\u00e9lectionner un lot d&rsquo;articles \u00e0 partager<\/strong><br>Avant de s\u00e9lectionner les articles pour le futur panorama de presse, le documentaliste a la possibilit\u00e9 de trier et filtrer la liste des articles stock\u00e9s. Il est par exemple possible de trier les articles selon leur date de parution. Le documentaliste peut \u00e9galement filtrer la liste des articles en affichant uniquement les articles qui n\u2019ont pas encore \u00e9t\u00e9 associ\u00e9s \u00e0 un panorama de presse. Ce filtre permet de faciliter la s\u00e9lection des articles de presse.<br><br>Lorsque le documentaliste s\u00e9lectionne les articles \u00e0 afficher dans le panorama de presse, il peut cr\u00e9er un nouveau panorama de presse ou exporter les articles de presse s\u00e9lectionn\u00e9s dans un panorama de presse en cours de traitement.<br><br>Le documentaliste a le choix entre deux mod\u00e8les de panorama de presse :<\/p>\n\n\n\n<ul class=\"wp-block-list\">\n<li>Le panorama de presse classique&nbsp;: permet de renseigner les articles li\u00e9s \u00e0 n\u2019importe quelle rubrique de classement.<\/li>\n\n\n\n<li>Le panorama de presse th\u00e9matique&nbsp;: permet de renseigner les articles li\u00e9s \u00e0 une rubrique de classement commune.<\/li>\n<\/ul>\n\n\n\n<p>Les articles de presse stock\u00e9s dans la base de donn\u00e9es du logiciel sont li\u00e9s \u00e0 une rubrique de classement. Cette indexation permet de pr\u00e9-classer les articles au sein du panorama de presse.<br><br><strong>G\u00e9rer le sommaire d&rsquo;un panorama de presse<br><\/strong>Le documentaliste peut traiter plusieurs panoramas de presse en m\u00eame temps avant leur diffusion.<br><br>Les articles de presse import\u00e9s dans le panorama de presse sont automatiquement pr\u00e9-class\u00e9s en fonction de leur rubrique de classement.<br><br>Il est possible d\u2019associer des URL \u00e0 un panorama de presse. Ces URL redirigent les lecteurs vers des sites internet, mais \u00e9galement vers des articles publi\u00e9s sur les r\u00e9seaux sociaux.<br><br>Le documentaliste peut r\u00e9ordonner les articles et URL pr\u00e9sents dans le panorama de presse. Il est possible de modifier la rubrique de classement des articles avant la diffusion du panorama. Cette action est possible gr\u00e2ce \u00e0 la fonction d\u2019un glisser-d\u00e9poser de l\u2019article vers la rubrique de classement souhait\u00e9e.<br><br>Le documentaliste peut afficher un aper\u00e7u du panorama de presse avant sa publication. Le mod\u00e8le de panorama de presse est param\u00e9trable selon les besoins du documentaliste. Plusieurs mod\u00e8les de panorama de presse peuvent \u00eatre enregistr\u00e9s et disponibles dans le logiciel.<br><br><strong>Diffuser le panorama de presse aux collaborateurs<br><\/strong>Les utilisateurs peuvent s\u2019abonner \u00e0 une ou plusieurs th\u00e9matiques \/ rubriques de classement enregistr\u00e9es dans la base de donn\u00e9es du logiciel. Lors de l\u2019abonnement, les utilisateurs sont enregistr\u00e9s dans une liste de diffusion s\u00e9lective li\u00e9e \u00e0 la th\u00e9matique \/ rubrique de classement choisie. Cette liste de diffusion est consultable et administr\u00e9e par le documentaliste. Lorsqu\u2019un panorama de presse th\u00e9matique est publi\u00e9, ce dernier est diffus\u00e9 aupr\u00e8s des abonn\u00e9s qui se sont inscrits \u00e0 la th\u00e9matique \/ rubrique de classement mise en valeur dans le panorama de presse.<br><br>Deux m\u00e9thodes d\u2019envoi par courriel sont disponibles&nbsp;:<\/p>\n\n\n\n<ul class=\"wp-block-list\">\n<li>L\u2019envoi d\u2019un lien d\u2019acc\u00e8s au panorama de presse.<\/li>\n\n\n\n<li>L\u2019envoi du sommaire du panorama de presse avec un lien d\u2019acc\u00e8s pour chaque article r\u00e9f\u00e9renc\u00e9.<\/li>\n<\/ul>\n\n\n\n<p>Le documentaliste peut \u00e9galement diffuser les panoramas de presse sur l\u2019intranet de l\u2019\u00e9tablissement. Les panoramas de presse sont accessibles au format PDF.<\/p>\n\n\n\n<figure class=\"wp-block-embed is-type-video is-provider-youtube wp-block-embed-youtube wp-embed-aspect-16-9 wp-has-aspect-ratio\"><div class=\"wp-block-embed__wrapper\">\n<iframe title=\"Assembler et diffuser vos panoramas de presse en quelques clics avec Hyperdhoc Revue de Presse\" width=\"500\" height=\"281\" data-src=\"https:\/\/www.youtube.com\/embed\/JVYQTvMum2Q?feature=oembed\" frameborder=\"0\" allow=\"accelerometer; autoplay; clipboard-write; encrypted-media; gyroscope; picture-in-picture; web-share\" referrerpolicy=\"strict-origin-when-cross-origin\" allowfullscreen src=\"data:image\/svg+xml;base64,PHN2ZyB3aWR0aD0iMSIgaGVpZ2h0PSIxIiB4bWxucz0iaHR0cDovL3d3dy53My5vcmcvMjAwMC9zdmciPjwvc3ZnPg==\" class=\"lazyload\" data-load-mode=\"1\"><\/iframe>\n<\/div><\/figure>\n\n\n\n<div class=\"wp-block-uagb-inline-notice uagb-inline_notice__align-left uagb-block-994b1af9\"><button class=\"uagb-notice-close-button\" type=\"button\" aria-label=\"Close\"><\/button><h4 class=\"uagb-notice-title\">Ces webinars sont pr\u00e9sent\u00e9s par :<\/h4><div class=\"uagb-notice-text\">\n<p class=\"has-ast-global-color-0-color has-text-color has-link-color wp-elements-776d0092f9952ab848768e77a0d1a2ac\"><strong>Lisa Tetier<\/strong>, consultante archiviste et charg\u00e9e de communication chez ELP.<\/p>\n<\/div><\/div>\n\n\n\n<div style=\"height:15px\" aria-hidden=\"true\" class=\"wp-block-spacer\"><\/div>\n<\/div><\/div>\n\n\n\n<div style=\"height:15px\" aria-hidden=\"true\" class=\"wp-block-spacer wp-embed-aspect-16-9 wp-has-aspect-ratio\"><\/div>\n\n\n\n<div class=\"wp-block-uagb-container wp-embed-aspect-16-9 wp-has-aspect-ratio uagb-block-c19924b7 alignfull uagb-is-root-container\"><div class=\"uagb-container-inner-blocks-wrap\">\n<div style=\"height:10px\" aria-hidden=\"true\" class=\"wp-block-spacer\"><\/div>\n\n\n\n<p>Pour plus d\u2019informations sur Hyperdhoc Revue de Presse :&nbsp;<a href=\"https:\/\/elp.fr\/index.php\/hyperdhoc-revue-de-presse\/\" target=\"_blank\" rel=\"noreferrer noopener\">Cliquer ici<\/a><br><em>D\u00e9couvrez les diff\u00e9rentes phases de reprise d\u2019activit\u00e9s des biblioth\u00e8ques et m\u00e9diath\u00e8ques, disponibles sur le site&nbsp;<a href=\"https:\/\/www.biblio-covid.fr\/phases\/\" target=\"_blank\" rel=\"noreferrer noopener\">BIBLIO-COVID<\/a>.<\/em><\/p>\n\n\n\n<div style=\"height:15px\" aria-hidden=\"true\" class=\"wp-block-spacer\"><\/div>\n<\/div><\/div>\n\n\n\n<p><\/p>\n","protected":false},"excerpt":{"rendered":"<p>D\u00e9couvrez dans ces webinaires : Comment cr\u00e9er et diffuser un panorama de presse ? Comment valoriser un fonds d\u2019articles ? [&hellip;]<\/p>\n","protected":false},"author":1,"featured_media":906,"comment_status":"open","ping_status":"open","sticky":false,"template":"","format":"standard","meta":{"_uag_custom_page_level_css":"","_monsterinsights_skip_tracking":false,"_monsterinsights_sitenote_active":false,"_monsterinsights_sitenote_note":"","_monsterinsights_sitenote_category":0,"_uf_show_specific_survey":0,"_uf_disable_surveys":false,"site-sidebar-layout":"default","site-content-layout":"","ast-site-content-layout":"default","site-content-style":"default","site-sidebar-style":"default","ast-global-header-display":"","ast-banner-title-visibility":"","ast-main-header-display":"","ast-hfb-above-header-display":"","ast-hfb-below-header-display":"","ast-hfb-mobile-header-display":"","site-post-title":"","ast-breadcrumbs-content":"","ast-featured-img":"","footer-sml-layout":"","ast-disable-related-posts":"","theme-transparent-header-meta":"","adv-header-id-meta":"","stick-header-meta":"","header-above-stick-meta":"","header-main-stick-meta":"","header-below-stick-meta":"","astra-migrate-meta-layouts":"default","ast-page-background-enabled":"default","ast-page-background-meta":{"desktop":{"background-color":"var(--ast-global-color-4)","background-image":"","background-repeat":"repeat","background-position":"center center","background-size":"auto","background-attachment":"scroll","background-type":"","background-media":"","overlay-type":"","overlay-color":"","overlay-opacity":"","overlay-gradient":""},"tablet":{"background-color":"","background-image":"","background-repeat":"repeat","background-position":"center center","background-size":"auto","background-attachment":"scroll","background-type":"","background-media":"","overlay-type":"","overlay-color":"","overlay-opacity":"","overlay-gradient":""},"mobile":{"background-color":"","background-image":"","background-repeat":"repeat","background-position":"center center","background-size":"auto","background-attachment":"scroll","background-type":"","background-media":"","overlay-type":"","overlay-color":"","overlay-opacity":"","overlay-gradient":""}},"ast-content-background-meta":{"desktop":{"background-color":"var(--ast-global-color-5)","background-image":"","background-repeat":"repeat","background-position":"center center","background-size":"auto","background-attachment":"scroll","background-type":"","background-media":"","overlay-type":"","overlay-color":"","overlay-opacity":"","overlay-gradient":""},"tablet":{"background-color":"var(--ast-global-color-5)","background-image":"","background-repeat":"repeat","background-position":"center center","background-size":"auto","background-attachment":"scroll","background-type":"","background-media":"","overlay-type":"","overlay-color":"","overlay-opacity":"","overlay-gradient":""},"mobile":{"background-color":"var(--ast-global-color-5)","background-image":"","background-repeat":"repeat","background-position":"center center","background-size":"auto","background-attachment":"scroll","background-type":"","background-media":"","overlay-type":"","overlay-color":"","overlay-opacity":"","overlay-gradient":""}},"footnotes":""},"categories":[46,55],"tags":[50,61,56],"class_list":["post-905","post","type-post","status-publish","format-standard","has-post-thumbnail","hentry","category-actualites","category-webinars","tag-gestion-documentaire","tag-revue-de-presse","tag-webinars"],"yoast_head":"<!-- This site is optimized with the Yoast SEO plugin v25.6 - https:\/\/yoast.com\/wordpress\/plugins\/seo\/ -->\r\n<title>assembler et diffuser un panorama de presse<\/title>\r\n<meta name=\"description\" content=\"D\u00e9couvrez comment assembler et diffuser un panorama de presse en quelques clics en associant podcasts, articles web et ressources num\u00e9riques.\" \/>\r\n<meta name=\"robots\" content=\"index, follow, max-snippet:-1, max-image-preview:large, max-video-preview:-1\" \/>\r\n<link rel=\"canonical\" href=\"https:\/\/elp.fr\/index.php\/replay-webinaires-associer-des-podcasts-et-articles-web-assembler-et-diffuser-un-panorama-de-presse-en-quelques-clics\/\" \/>\r\n<meta property=\"og:locale\" content=\"fr_FR\" \/>\r\n<meta property=\"og:type\" content=\"article\" \/>\r\n<meta property=\"og:title\" content=\"assembler et diffuser un panorama de presse\" \/>\r\n<meta property=\"og:description\" content=\"D\u00e9couvrez comment assembler et diffuser un panorama de presse en quelques clics en associant podcasts, articles web et ressources num\u00e9riques.\" \/>\r\n<meta property=\"og:url\" content=\"https:\/\/elp.fr\/index.php\/replay-webinaires-associer-des-podcasts-et-articles-web-assembler-et-diffuser-un-panorama-de-presse-en-quelques-clics\/\" \/>\r\n<meta property=\"og:site_name\" content=\"ELP - Edition de Logiciels Professionnels\" \/>\r\n<meta property=\"article:published_time\" content=\"2024-12-17T11:11:51+00:00\" \/>\r\n<meta property=\"article:modified_time\" content=\"2025-04-28T13:50:25+00:00\" \/>\r\n<meta property=\"og:image\" content=\"https:\/\/elp.fr\/wp-content\/uploads\/2024\/12\/AdobeStock_254110116-560x450-1.jpeg\" \/>\r\n\t<meta property=\"og:image:width\" content=\"560\" \/>\r\n\t<meta property=\"og:image:height\" content=\"315\" \/>\r\n\t<meta property=\"og:image:type\" content=\"image\/jpeg\" \/>\r\n<meta name=\"author\" content=\"ANA\" \/>\r\n<meta name=\"twitter:card\" content=\"summary_large_image\" \/>\r\n<meta name=\"twitter:creator\" content=\"@societe_elp\" \/>\r\n<meta name=\"twitter:site\" content=\"@societe_elp\" \/>\r\n<meta name=\"twitter:label1\" content=\"\u00c9crit par\" \/>\n\t<meta name=\"twitter:data1\" content=\"ANA\" \/>\n\t<meta name=\"twitter:label2\" content=\"Dur\u00e9e de lecture estim\u00e9e\" \/>\n\t<meta name=\"twitter:data2\" content=\"7 minutes\" \/>\r\n<script type=\"application\/ld+json\" class=\"yoast-schema-graph\">{\"@context\":\"https:\/\/schema.org\",\"@graph\":[{\"@type\":\"Article\",\"@id\":\"https:\/\/elp.fr\/index.php\/replay-webinaires-associer-des-podcasts-et-articles-web-assembler-et-diffuser-un-panorama-de-presse-en-quelques-clics\/#article\",\"isPartOf\":{\"@id\":\"https:\/\/elp.fr\/index.php\/replay-webinaires-associer-des-podcasts-et-articles-web-assembler-et-diffuser-un-panorama-de-presse-en-quelques-clics\/\"},\"author\":{\"name\":\"ANA\",\"@id\":\"https:\/\/elp.fr\/#\/schema\/person\/baddc5f4872471f9155d3f3789abe3d8\"},\"headline\":\"[REPLAY WEBINAIRE] Associer des podcasts et articles web \u2013 Assembler et diffuser un panorama de presse en quelques clics\",\"datePublished\":\"2024-12-17T11:11:51+00:00\",\"dateModified\":\"2025-04-28T13:50:25+00:00\",\"mainEntityOfPage\":{\"@id\":\"https:\/\/elp.fr\/index.php\/replay-webinaires-associer-des-podcasts-et-articles-web-assembler-et-diffuser-un-panorama-de-presse-en-quelques-clics\/\"},\"wordCount\":1272,\"commentCount\":0,\"publisher\":{\"@id\":\"https:\/\/elp.fr\/#organization\"},\"image\":{\"@id\":\"https:\/\/elp.fr\/index.php\/replay-webinaires-associer-des-podcasts-et-articles-web-assembler-et-diffuser-un-panorama-de-presse-en-quelques-clics\/#primaryimage\"},\"thumbnailUrl\":\"https:\/\/elp.fr\/wp-content\/uploads\/2024\/12\/AdobeStock_254110116-560x450-1.jpeg\",\"keywords\":[\"Gestion documentaire\",\"Revue de Presse\",\"Webinars\"],\"articleSection\":[\"Actualit\u00e9s\",\"Webinars\"],\"inLanguage\":\"fr-FR\",\"potentialAction\":[{\"@type\":\"CommentAction\",\"name\":\"Comment\",\"target\":[\"https:\/\/elp.fr\/index.php\/replay-webinaires-associer-des-podcasts-et-articles-web-assembler-et-diffuser-un-panorama-de-presse-en-quelques-clics\/#respond\"]}]},{\"@type\":\"WebPage\",\"@id\":\"https:\/\/elp.fr\/index.php\/replay-webinaires-associer-des-podcasts-et-articles-web-assembler-et-diffuser-un-panorama-de-presse-en-quelques-clics\/\",\"url\":\"https:\/\/elp.fr\/index.php\/replay-webinaires-associer-des-podcasts-et-articles-web-assembler-et-diffuser-un-panorama-de-presse-en-quelques-clics\/\",\"name\":\"assembler et diffuser un panorama de presse\",\"isPartOf\":{\"@id\":\"https:\/\/elp.fr\/#website\"},\"primaryImageOfPage\":{\"@id\":\"https:\/\/elp.fr\/index.php\/replay-webinaires-associer-des-podcasts-et-articles-web-assembler-et-diffuser-un-panorama-de-presse-en-quelques-clics\/#primaryimage\"},\"image\":{\"@id\":\"https:\/\/elp.fr\/index.php\/replay-webinaires-associer-des-podcasts-et-articles-web-assembler-et-diffuser-un-panorama-de-presse-en-quelques-clics\/#primaryimage\"},\"thumbnailUrl\":\"https:\/\/elp.fr\/wp-content\/uploads\/2024\/12\/AdobeStock_254110116-560x450-1.jpeg\",\"datePublished\":\"2024-12-17T11:11:51+00:00\",\"dateModified\":\"2025-04-28T13:50:25+00:00\",\"description\":\"D\u00e9couvrez comment assembler et diffuser un panorama de presse en quelques clics en associant podcasts, articles web et ressources num\u00e9riques.\",\"breadcrumb\":{\"@id\":\"https:\/\/elp.fr\/index.php\/replay-webinaires-associer-des-podcasts-et-articles-web-assembler-et-diffuser-un-panorama-de-presse-en-quelques-clics\/#breadcrumb\"},\"inLanguage\":\"fr-FR\",\"potentialAction\":[{\"@type\":\"ReadAction\",\"target\":[\"https:\/\/elp.fr\/index.php\/replay-webinaires-associer-des-podcasts-et-articles-web-assembler-et-diffuser-un-panorama-de-presse-en-quelques-clics\/\"]}]},{\"@type\":\"ImageObject\",\"inLanguage\":\"fr-FR\",\"@id\":\"https:\/\/elp.fr\/index.php\/replay-webinaires-associer-des-podcasts-et-articles-web-assembler-et-diffuser-un-panorama-de-presse-en-quelques-clics\/#primaryimage\",\"url\":\"https:\/\/elp.fr\/wp-content\/uploads\/2024\/12\/AdobeStock_254110116-560x450-1.jpeg\",\"contentUrl\":\"https:\/\/elp.fr\/wp-content\/uploads\/2024\/12\/AdobeStock_254110116-560x450-1.jpeg\",\"width\":560,\"height\":315},{\"@type\":\"BreadcrumbList\",\"@id\":\"https:\/\/elp.fr\/index.php\/replay-webinaires-associer-des-podcasts-et-articles-web-assembler-et-diffuser-un-panorama-de-presse-en-quelques-clics\/#breadcrumb\",\"itemListElement\":[{\"@type\":\"ListItem\",\"position\":1,\"name\":\"Accueil\",\"item\":\"https:\/\/elp.fr\/\"},{\"@type\":\"ListItem\",\"position\":2,\"name\":\"[REPLAY WEBINAIRE] Associer des podcasts et articles web \u2013 Assembler et diffuser un panorama de presse en quelques clics\"}]},{\"@type\":\"WebSite\",\"@id\":\"https:\/\/elp.fr\/#website\",\"url\":\"https:\/\/elp.fr\/\",\"name\":\"ELP\",\"description\":\"Solutions logicielles sur mesure : gestion documentaire, archivage et optimisation industrielle\",\"publisher\":{\"@id\":\"https:\/\/elp.fr\/#organization\"},\"potentialAction\":[{\"@type\":\"SearchAction\",\"target\":{\"@type\":\"EntryPoint\",\"urlTemplate\":\"https:\/\/elp.fr\/?s={search_term_string}\"},\"query-input\":{\"@type\":\"PropertyValueSpecification\",\"valueRequired\":true,\"valueName\":\"search_term_string\"}}],\"inLanguage\":\"fr-FR\"},{\"@type\":\"Organization\",\"@id\":\"https:\/\/elp.fr\/#organization\",\"name\":\"ELP Edition de Logiciels Professionnels\",\"url\":\"https:\/\/elp.fr\/\",\"logo\":{\"@type\":\"ImageObject\",\"inLanguage\":\"fr-FR\",\"@id\":\"https:\/\/elp.fr\/#\/schema\/logo\/image\/\",\"url\":\"https:\/\/elp.fr\/wp-content\/uploads\/2025\/01\/Plan-de-travail-4.png\",\"contentUrl\":\"https:\/\/elp.fr\/wp-content\/uploads\/2025\/01\/Plan-de-travail-4.png\",\"width\":213,\"height\":206,\"caption\":\"ELP Edition de Logiciels Professionnels\"},\"image\":{\"@id\":\"https:\/\/elp.fr\/#\/schema\/logo\/image\/\"},\"sameAs\":[\"https:\/\/x.com\/societe_elp\"]},{\"@type\":\"Person\",\"@id\":\"https:\/\/elp.fr\/#\/schema\/person\/baddc5f4872471f9155d3f3789abe3d8\",\"name\":\"ANA\",\"sameAs\":[\"https:\/\/elp.fr\"],\"url\":\"https:\/\/elp.fr\/index.php\/author\/ana\/\"}]}<\/script>\r\n<!-- \/ Yoast SEO plugin. -->","yoast_head_json":{"title":"assembler et diffuser un panorama de presse","description":"D\u00e9couvrez comment assembler et diffuser un panorama de presse en quelques clics en associant podcasts, articles web et ressources num\u00e9riques.","robots":{"index":"index","follow":"follow","max-snippet":"max-snippet:-1","max-image-preview":"max-image-preview:large","max-video-preview":"max-video-preview:-1"},"canonical":"https:\/\/elp.fr\/index.php\/replay-webinaires-associer-des-podcasts-et-articles-web-assembler-et-diffuser-un-panorama-de-presse-en-quelques-clics\/","og_locale":"fr_FR","og_type":"article","og_title":"assembler et diffuser un panorama de presse","og_description":"D\u00e9couvrez comment assembler et diffuser un panorama de presse en quelques clics en associant podcasts, articles web et ressources num\u00e9riques.","og_url":"https:\/\/elp.fr\/index.php\/replay-webinaires-associer-des-podcasts-et-articles-web-assembler-et-diffuser-un-panorama-de-presse-en-quelques-clics\/","og_site_name":"ELP - Edition de Logiciels Professionnels","article_published_time":"2024-12-17T11:11:51+00:00","article_modified_time":"2025-04-28T13:50:25+00:00","og_image":[{"width":560,"height":315,"url":"https:\/\/elp.fr\/wp-content\/uploads\/2024\/12\/AdobeStock_254110116-560x450-1.jpeg","type":"image\/jpeg"}],"author":"ANA","twitter_card":"summary_large_image","twitter_creator":"@societe_elp","twitter_site":"@societe_elp","twitter_misc":{"\u00c9crit par":"ANA","Dur\u00e9e de lecture estim\u00e9e":"7 minutes"},"schema":{"@context":"https:\/\/schema.org","@graph":[{"@type":"Article","@id":"https:\/\/elp.fr\/index.php\/replay-webinaires-associer-des-podcasts-et-articles-web-assembler-et-diffuser-un-panorama-de-presse-en-quelques-clics\/#article","isPartOf":{"@id":"https:\/\/elp.fr\/index.php\/replay-webinaires-associer-des-podcasts-et-articles-web-assembler-et-diffuser-un-panorama-de-presse-en-quelques-clics\/"},"author":{"name":"ANA","@id":"https:\/\/elp.fr\/#\/schema\/person\/baddc5f4872471f9155d3f3789abe3d8"},"headline":"[REPLAY WEBINAIRE] Associer des podcasts et articles web \u2013 Assembler et diffuser un panorama de presse en quelques clics","datePublished":"2024-12-17T11:11:51+00:00","dateModified":"2025-04-28T13:50:25+00:00","mainEntityOfPage":{"@id":"https:\/\/elp.fr\/index.php\/replay-webinaires-associer-des-podcasts-et-articles-web-assembler-et-diffuser-un-panorama-de-presse-en-quelques-clics\/"},"wordCount":1272,"commentCount":0,"publisher":{"@id":"https:\/\/elp.fr\/#organization"},"image":{"@id":"https:\/\/elp.fr\/index.php\/replay-webinaires-associer-des-podcasts-et-articles-web-assembler-et-diffuser-un-panorama-de-presse-en-quelques-clics\/#primaryimage"},"thumbnailUrl":"https:\/\/elp.fr\/wp-content\/uploads\/2024\/12\/AdobeStock_254110116-560x450-1.jpeg","keywords":["Gestion documentaire","Revue de Presse","Webinars"],"articleSection":["Actualit\u00e9s","Webinars"],"inLanguage":"fr-FR","potentialAction":[{"@type":"CommentAction","name":"Comment","target":["https:\/\/elp.fr\/index.php\/replay-webinaires-associer-des-podcasts-et-articles-web-assembler-et-diffuser-un-panorama-de-presse-en-quelques-clics\/#respond"]}]},{"@type":"WebPage","@id":"https:\/\/elp.fr\/index.php\/replay-webinaires-associer-des-podcasts-et-articles-web-assembler-et-diffuser-un-panorama-de-presse-en-quelques-clics\/","url":"https:\/\/elp.fr\/index.php\/replay-webinaires-associer-des-podcasts-et-articles-web-assembler-et-diffuser-un-panorama-de-presse-en-quelques-clics\/","name":"assembler et diffuser un panorama de presse","isPartOf":{"@id":"https:\/\/elp.fr\/#website"},"primaryImageOfPage":{"@id":"https:\/\/elp.fr\/index.php\/replay-webinaires-associer-des-podcasts-et-articles-web-assembler-et-diffuser-un-panorama-de-presse-en-quelques-clics\/#primaryimage"},"image":{"@id":"https:\/\/elp.fr\/index.php\/replay-webinaires-associer-des-podcasts-et-articles-web-assembler-et-diffuser-un-panorama-de-presse-en-quelques-clics\/#primaryimage"},"thumbnailUrl":"https:\/\/elp.fr\/wp-content\/uploads\/2024\/12\/AdobeStock_254110116-560x450-1.jpeg","datePublished":"2024-12-17T11:11:51+00:00","dateModified":"2025-04-28T13:50:25+00:00","description":"D\u00e9couvrez comment assembler et diffuser un panorama de presse en quelques clics en associant podcasts, articles web et ressources num\u00e9riques.","breadcrumb":{"@id":"https:\/\/elp.fr\/index.php\/replay-webinaires-associer-des-podcasts-et-articles-web-assembler-et-diffuser-un-panorama-de-presse-en-quelques-clics\/#breadcrumb"},"inLanguage":"fr-FR","potentialAction":[{"@type":"ReadAction","target":["https:\/\/elp.fr\/index.php\/replay-webinaires-associer-des-podcasts-et-articles-web-assembler-et-diffuser-un-panorama-de-presse-en-quelques-clics\/"]}]},{"@type":"ImageObject","inLanguage":"fr-FR","@id":"https:\/\/elp.fr\/index.php\/replay-webinaires-associer-des-podcasts-et-articles-web-assembler-et-diffuser-un-panorama-de-presse-en-quelques-clics\/#primaryimage","url":"https:\/\/elp.fr\/wp-content\/uploads\/2024\/12\/AdobeStock_254110116-560x450-1.jpeg","contentUrl":"https:\/\/elp.fr\/wp-content\/uploads\/2024\/12\/AdobeStock_254110116-560x450-1.jpeg","width":560,"height":315},{"@type":"BreadcrumbList","@id":"https:\/\/elp.fr\/index.php\/replay-webinaires-associer-des-podcasts-et-articles-web-assembler-et-diffuser-un-panorama-de-presse-en-quelques-clics\/#breadcrumb","itemListElement":[{"@type":"ListItem","position":1,"name":"Accueil","item":"https:\/\/elp.fr\/"},{"@type":"ListItem","position":2,"name":"[REPLAY WEBINAIRE] Associer des podcasts et articles web \u2013 Assembler et diffuser un panorama de presse en quelques clics"}]},{"@type":"WebSite","@id":"https:\/\/elp.fr\/#website","url":"https:\/\/elp.fr\/","name":"ELP","description":"Solutions logicielles sur mesure : gestion documentaire, archivage et optimisation industrielle","publisher":{"@id":"https:\/\/elp.fr\/#organization"},"potentialAction":[{"@type":"SearchAction","target":{"@type":"EntryPoint","urlTemplate":"https:\/\/elp.fr\/?s={search_term_string}"},"query-input":{"@type":"PropertyValueSpecification","valueRequired":true,"valueName":"search_term_string"}}],"inLanguage":"fr-FR"},{"@type":"Organization","@id":"https:\/\/elp.fr\/#organization","name":"ELP Edition de Logiciels Professionnels","url":"https:\/\/elp.fr\/","logo":{"@type":"ImageObject","inLanguage":"fr-FR","@id":"https:\/\/elp.fr\/#\/schema\/logo\/image\/","url":"https:\/\/elp.fr\/wp-content\/uploads\/2025\/01\/Plan-de-travail-4.png","contentUrl":"https:\/\/elp.fr\/wp-content\/uploads\/2025\/01\/Plan-de-travail-4.png","width":213,"height":206,"caption":"ELP Edition de Logiciels Professionnels"},"image":{"@id":"https:\/\/elp.fr\/#\/schema\/logo\/image\/"},"sameAs":["https:\/\/x.com\/societe_elp"]},{"@type":"Person","@id":"https:\/\/elp.fr\/#\/schema\/person\/baddc5f4872471f9155d3f3789abe3d8","name":"ANA","sameAs":["https:\/\/elp.fr"],"url":"https:\/\/elp.fr\/index.php\/author\/ana\/"}]}},"uagb_featured_image_src":{"full":["https:\/\/elp.fr\/wp-content\/uploads\/2024\/12\/AdobeStock_254110116-560x450-1.jpeg",560,315,false],"thumbnail":["https:\/\/elp.fr\/wp-content\/uploads\/2024\/12\/AdobeStock_254110116-560x450-1.jpeg",150,84,false],"medium":["https:\/\/elp.fr\/wp-content\/uploads\/2024\/12\/AdobeStock_254110116-560x450-1.jpeg",300,169,false],"medium_large":["https:\/\/elp.fr\/wp-content\/uploads\/2024\/12\/AdobeStock_254110116-560x450-1.jpeg",560,315,false],"large":["https:\/\/elp.fr\/wp-content\/uploads\/2024\/12\/AdobeStock_254110116-560x450-1.jpeg",560,315,false],"1536x1536":["https:\/\/elp.fr\/wp-content\/uploads\/2024\/12\/AdobeStock_254110116-560x450-1.jpeg",560,315,false],"2048x2048":["https:\/\/elp.fr\/wp-content\/uploads\/2024\/12\/AdobeStock_254110116-560x450-1.jpeg",560,315,false]},"uagb_author_info":{"display_name":"ANA","author_link":"https:\/\/elp.fr\/index.php\/author\/ana\/"},"uagb_comment_info":0,"uagb_excerpt":"D\u00e9couvrez dans ces webinaires : Comment cr\u00e9er et diffuser un panorama de presse ? Comment valoriser un fonds d\u2019articles ? [&hellip;]","_links":{"self":[{"href":"https:\/\/elp.fr\/index.php\/wp-json\/wp\/v2\/posts\/905"}],"collection":[{"href":"https:\/\/elp.fr\/index.php\/wp-json\/wp\/v2\/posts"}],"about":[{"href":"https:\/\/elp.fr\/index.php\/wp-json\/wp\/v2\/types\/post"}],"author":[{"embeddable":true,"href":"https:\/\/elp.fr\/index.php\/wp-json\/wp\/v2\/users\/1"}],"replies":[{"embeddable":true,"href":"https:\/\/elp.fr\/index.php\/wp-json\/wp\/v2\/comments?post=905"}],"version-history":[{"count":5,"href":"https:\/\/elp.fr\/index.php\/wp-json\/wp\/v2\/posts\/905\/revisions"}],"predecessor-version":[{"id":3198,"href":"https:\/\/elp.fr\/index.php\/wp-json\/wp\/v2\/posts\/905\/revisions\/3198"}],"wp:featuredmedia":[{"embeddable":true,"href":"https:\/\/elp.fr\/index.php\/wp-json\/wp\/v2\/media\/906"}],"wp:attachment":[{"href":"https:\/\/elp.fr\/index.php\/wp-json\/wp\/v2\/media?parent=905"}],"wp:term":[{"taxonomy":"category","embeddable":true,"href":"https:\/\/elp.fr\/index.php\/wp-json\/wp\/v2\/categories?post=905"},{"taxonomy":"post_tag","embeddable":true,"href":"https:\/\/elp.fr\/index.php\/wp-json\/wp\/v2\/tags?post=905"}],"curies":[{"name":"wp","href":"https:\/\/api.w.org\/{rel}","templated":true}]}}