{"id":834,"date":"2024-12-10T16:32:01","date_gmt":"2024-12-10T16:32:01","guid":{"rendered":"http:\/\/newelp.elp.fr\/?p=834"},"modified":"2025-04-29T15:53:52","modified_gmt":"2025-04-29T15:53:52","slug":"logigramme-la-gestion-de-la-collecte-des-archives","status":"publish","type":"post","link":"https:\/\/elp.fr\/index.php\/logigramme-la-gestion-de-la-collecte-des-archives\/","title":{"rendered":"Logigramme : la gestion de la collecte des archives"},"content":{"rendered":"\n<div class=\"wp-block-uagb-container uagb-block-8ff38a33 alignfull uagb-is-root-container\"><div class=\"uagb-container-inner-blocks-wrap\">\n<div class=\"wp-block-uagb-image uagb-block-cb9779d0 wp-block-uagb-image--layout-default wp-block-uagb-image--effect-static wp-block-uagb-image--align-none\"><figure class=\"wp-block-uagb-image__figure\"><img decoding=\"async\" data-srcset=\"https:\/\/elp.fr\/wp-content\/uploads\/2024\/12\/Sans-titre-560x450-1.png ,https:\/\/elp.fr\/wp-content\/uploads\/2024\/12\/Sans-titre-560x450-1.png 780w, https:\/\/elp.fr\/wp-content\/uploads\/2024\/12\/Sans-titre-560x450-1.png 360w\" data-sizes=\"(max-width: 480px) 150px\" data-src=\"https:\/\/elp.fr\/wp-content\/uploads\/2024\/12\/Sans-titre-560x450-1.png\" alt=\"\" class=\"uag-image-835 lazyload\" width=\"1200\" height=\"422\" title=\"Sans-titre-560x450\" role=\"img\" src=\"data:image\/svg+xml;base64,PHN2ZyB3aWR0aD0iMSIgaGVpZ2h0PSIxIiB4bWxucz0iaHR0cDovL3d3dy53My5vcmcvMjAwMC9zdmciPjwvc3ZnPg==\" style=\"--smush-placeholder-width: 1200px; --smush-placeholder-aspect-ratio: 1200\/422;\" \/><\/figure><\/div>\n<\/div><\/div>\n\n\n\n<div class=\"wp-block-uagb-container uagb-block-e73bbcb4 alignfull uagb-is-root-container\"><div class=\"uagb-container-inner-blocks-wrap\">\n<div style=\"height:10px\" aria-hidden=\"true\" class=\"wp-block-spacer\"><\/div>\n\n\n\n<p>Depuis quelques ann\u00e9es, la production croissante de documents papiers est \u00e9troitement li\u00e9e \u00e0 la production de donn\u00e9es \u00e9lectroniques (documents bureautiques, e-mail, fichiers multim\u00e9dias, etc.). La coexistence entre le papier et le num\u00e9rique, oblige alors les archivistes et les services \u00e0 s\u2019adapter \u00e0 cette transition num\u00e9rique. Ils doivent notamment s\u2019adapter, lors de la collecte des documents, ainsi que leur gestion dans le temps.<\/p>\n\n\n\n<p>La collaboration \u00e9troite entre les archivistes et les <a href=\"https:\/\/www.archivespasdecalais.fr\/Glossaire\/Service-versant#:~:text=Tout%20service%20administratif%20qui%20transf%C3%A8re,ou%20non%20repris%20les%20attributions.\">services-versants<\/a> intervient bien avant la collecte des archives. Elle intervient, en premier lieu, avec la r\u00e9daction d\u2019un tableau de gestion li\u00e9 au service. Le tableau de gestion permet aux collaborateurs de mieux organiser et\u00a0<a href=\"https:\/\/elp.fr\/index.php\/infographie-on-conserve-on-elimine-le-tri-selon-le-cycle-de-vie-et-le-support-des-archives\/\" target=\"_blank\" rel=\"noreferrer noopener\">trier les documents<\/a>\u00a0n\u2019ayant plus d\u2019utilit\u00e9 courante. L\u2019archiviste, de son c\u00f4t\u00e9, va pouvoir contr\u00f4ler la gestion de la collecte des archives. Il pourra ainsi valider le bordereau de versement en s\u2019appuyant sur le tableau de gestion.<\/p>\n\n\n\n<p>Pour renforcer cette collaboration et ne pas multiplier les demandes de collecte aupr\u00e8s de l\u2019archiviste, le ou la responsable du service-versant peut nommer un\u00b7e correspondant\u00b7e-archives. Le correspondant pourra assurer r\u00e9guli\u00e8rement la gestion de la collecte des archives aupr\u00e8s des membres de son service. Il sera \u00e9galement en charge de la r\u00e9daction et l\u2019envoi des bordereaux de versement au service des archives.<\/p>\n\n\n\n<p>Dans ce logigramme, vous trouverez toutes les actions \u00e0 mener concernant la collecte des archives. Ce sch\u00e9ma valorise \u00e9galement la collaboration entre un service-versant et le service des archives, lors de la collecte.<\/p>\n\n\n\n<figure class=\"wp-block-image size-full\"><img decoding=\"async\" width=\"1414\" height=\"1549\" data-src=\"https:\/\/elp.fr\/wp-content\/uploads\/2024\/12\/Gestion-de-la-Collecte-des-archives-2.png\" alt=\"\" class=\"wp-image-836 lazyload\" src=\"data:image\/svg+xml;base64,PHN2ZyB3aWR0aD0iMSIgaGVpZ2h0PSIxIiB4bWxucz0iaHR0cDovL3d3dy53My5vcmcvMjAwMC9zdmciPjwvc3ZnPg==\" style=\"--smush-placeholder-width: 1414px; --smush-placeholder-aspect-ratio: 1414\/1549;\" \/><\/figure>\n\n\n\n<p>Pour plus d\u2019informations sur notre logiciel de gestion des archives, Hyperdhoc Archive, <a href=\"https:\/\/elp.fr\/index.php\/hyperdhoc-archive\/\">cliquez ici.<\/a><\/p>\n\n\n\n<div style=\"height:15px\" aria-hidden=\"true\" class=\"wp-block-spacer\"><\/div>\n<\/div><\/div>\n","protected":false},"excerpt":{"rendered":"<p>Depuis quelques ann\u00e9es, la production croissante de documents papiers est \u00e9troitement li\u00e9e \u00e0 la production de donn\u00e9es \u00e9lectroniques (documents bureautiques, [&hellip;]<\/p>\n","protected":false},"author":1,"featured_media":835,"comment_status":"open","ping_status":"open","sticky":false,"template":"","format":"standard","meta":{"_uag_custom_page_level_css":"","_monsterinsights_skip_tracking":false,"_monsterinsights_sitenote_active":false,"_monsterinsights_sitenote_note":"","_monsterinsights_sitenote_category":0,"_uf_show_specific_survey":0,"_uf_disable_surveys":false,"site-sidebar-layout":"default","site-content-layout":"","ast-site-content-layout":"default","site-content-style":"default","site-sidebar-style":"default","ast-global-header-display":"","ast-banner-title-visibility":"","ast-main-header-display":"","ast-hfb-above-header-display":"","ast-hfb-below-header-display":"","ast-hfb-mobile-header-display":"","site-post-title":"","ast-breadcrumbs-content":"","ast-featured-img":"","footer-sml-layout":"","ast-disable-related-posts":"","theme-transparent-header-meta":"","adv-header-id-meta":"","stick-header-meta":"","header-above-stick-meta":"","header-main-stick-meta":"","header-below-stick-meta":"","astra-migrate-meta-layouts":"default","ast-page-background-enabled":"default","ast-page-background-meta":{"desktop":{"background-color":"var(--ast-global-color-4)","background-image":"","background-repeat":"repeat","background-position":"center center","background-size":"auto","background-attachment":"scroll","background-type":"","background-media":"","overlay-type":"","overlay-color":"","overlay-opacity":"","overlay-gradient":""},"tablet":{"background-color":"","background-image":"","background-repeat":"repeat","background-position":"center center","background-size":"auto","background-attachment":"scroll","background-type":"","background-media":"","overlay-type":"","overlay-color":"","overlay-opacity":"","overlay-gradient":""},"mobile":{"background-color":"","background-image":"","background-repeat":"repeat","background-position":"center center","background-size":"auto","background-attachment":"scroll","background-type":"","background-media":"","overlay-type":"","overlay-color":"","overlay-opacity":"","overlay-gradient":""}},"ast-content-background-meta":{"desktop":{"background-color":"var(--ast-global-color-5)","background-image":"","background-repeat":"repeat","background-position":"center center","background-size":"auto","background-attachment":"scroll","background-type":"","background-media":"","overlay-type":"","overlay-color":"","overlay-opacity":"","overlay-gradient":""},"tablet":{"background-color":"var(--ast-global-color-5)","background-image":"","background-repeat":"repeat","background-position":"center center","background-size":"auto","background-attachment":"scroll","background-type":"","background-media":"","overlay-type":"","overlay-color":"","overlay-opacity":"","overlay-gradient":""},"mobile":{"background-color":"var(--ast-global-color-5)","background-image":"","background-repeat":"repeat","background-position":"center center","background-size":"auto","background-attachment":"scroll","background-type":"","background-media":"","overlay-type":"","overlay-color":"","overlay-opacity":"","overlay-gradient":""}},"footnotes":""},"categories":[46,57],"tags":[47,50,58],"class_list":["post-834","post","type-post","status-publish","format-standard","has-post-thumbnail","hentry","category-actualites","category-infographies","tag-archives","tag-gestion-documentaire","tag-infographies"],"yoast_head":"<!-- This site is optimized with the Yoast SEO plugin v25.6 - https:\/\/yoast.com\/wordpress\/plugins\/seo\/ -->\r\n<title>gestion de la collecte des archives<\/title>\r\n<meta name=\"description\" content=\"D\u00e9couvrez notre logigramme pour comprendre les \u00e9tapes cl\u00e9s de la gestion de la collecte des archives et optimiser votre processus documentaire.\" \/>\r\n<meta name=\"robots\" content=\"index, follow, max-snippet:-1, max-image-preview:large, max-video-preview:-1\" \/>\r\n<link rel=\"canonical\" href=\"https:\/\/elp.fr\/index.php\/logigramme-la-gestion-de-la-collecte-des-archives\/\" \/>\r\n<meta property=\"og:locale\" content=\"fr_FR\" \/>\r\n<meta property=\"og:type\" content=\"article\" \/>\r\n<meta property=\"og:title\" content=\"gestion de la collecte des archives\" \/>\r\n<meta property=\"og:description\" content=\"D\u00e9couvrez notre logigramme pour comprendre les \u00e9tapes cl\u00e9s de la gestion de la collecte des archives et optimiser votre processus documentaire.\" \/>\r\n<meta property=\"og:url\" content=\"https:\/\/elp.fr\/index.php\/logigramme-la-gestion-de-la-collecte-des-archives\/\" \/>\r\n<meta property=\"og:site_name\" content=\"ELP - Edition de Logiciels Professionnels\" \/>\r\n<meta property=\"article:published_time\" content=\"2024-12-10T16:32:01+00:00\" \/>\r\n<meta property=\"article:modified_time\" content=\"2025-04-29T15:53:52+00:00\" \/>\r\n<meta property=\"og:image\" content=\"https:\/\/elp.fr\/wp-content\/uploads\/2024\/12\/Sans-titre-560x450-1.png\" \/>\r\n\t<meta property=\"og:image:width\" content=\"560\" \/>\r\n\t<meta property=\"og:image:height\" content=\"315\" \/>\r\n\t<meta property=\"og:image:type\" content=\"image\/png\" \/>\r\n<meta name=\"author\" content=\"ANA\" \/>\r\n<meta name=\"twitter:card\" content=\"summary_large_image\" \/>\r\n<meta name=\"twitter:creator\" content=\"@societe_elp\" \/>\r\n<meta name=\"twitter:site\" content=\"@societe_elp\" \/>\r\n<meta name=\"twitter:label1\" content=\"\u00c9crit par\" \/>\n\t<meta name=\"twitter:data1\" content=\"ANA\" \/>\n\t<meta name=\"twitter:label2\" content=\"Dur\u00e9e de lecture estim\u00e9e\" \/>\n\t<meta name=\"twitter:data2\" content=\"2 minutes\" \/>\r\n<script type=\"application\/ld+json\" class=\"yoast-schema-graph\">{\"@context\":\"https:\/\/schema.org\",\"@graph\":[{\"@type\":\"Article\",\"@id\":\"https:\/\/elp.fr\/index.php\/logigramme-la-gestion-de-la-collecte-des-archives\/#article\",\"isPartOf\":{\"@id\":\"https:\/\/elp.fr\/index.php\/logigramme-la-gestion-de-la-collecte-des-archives\/\"},\"author\":{\"name\":\"ANA\",\"@id\":\"https:\/\/elp.fr\/#\/schema\/person\/baddc5f4872471f9155d3f3789abe3d8\"},\"headline\":\"Logigramme : la gestion de la collecte des archives\",\"datePublished\":\"2024-12-10T16:32:01+00:00\",\"dateModified\":\"2025-04-29T15:53:52+00:00\",\"mainEntityOfPage\":{\"@id\":\"https:\/\/elp.fr\/index.php\/logigramme-la-gestion-de-la-collecte-des-archives\/\"},\"wordCount\":279,\"commentCount\":0,\"publisher\":{\"@id\":\"https:\/\/elp.fr\/#organization\"},\"image\":{\"@id\":\"https:\/\/elp.fr\/index.php\/logigramme-la-gestion-de-la-collecte-des-archives\/#primaryimage\"},\"thumbnailUrl\":\"https:\/\/elp.fr\/wp-content\/uploads\/2024\/12\/Sans-titre-560x450-1.png\",\"keywords\":[\"Archives\",\"Gestion documentaire\",\"Infographies\"],\"articleSection\":[\"Actualit\u00e9s\",\"Infographies\"],\"inLanguage\":\"fr-FR\",\"potentialAction\":[{\"@type\":\"CommentAction\",\"name\":\"Comment\",\"target\":[\"https:\/\/elp.fr\/index.php\/logigramme-la-gestion-de-la-collecte-des-archives\/#respond\"]}]},{\"@type\":\"WebPage\",\"@id\":\"https:\/\/elp.fr\/index.php\/logigramme-la-gestion-de-la-collecte-des-archives\/\",\"url\":\"https:\/\/elp.fr\/index.php\/logigramme-la-gestion-de-la-collecte-des-archives\/\",\"name\":\"gestion de la collecte des archives\",\"isPartOf\":{\"@id\":\"https:\/\/elp.fr\/#website\"},\"primaryImageOfPage\":{\"@id\":\"https:\/\/elp.fr\/index.php\/logigramme-la-gestion-de-la-collecte-des-archives\/#primaryimage\"},\"image\":{\"@id\":\"https:\/\/elp.fr\/index.php\/logigramme-la-gestion-de-la-collecte-des-archives\/#primaryimage\"},\"thumbnailUrl\":\"https:\/\/elp.fr\/wp-content\/uploads\/2024\/12\/Sans-titre-560x450-1.png\",\"datePublished\":\"2024-12-10T16:32:01+00:00\",\"dateModified\":\"2025-04-29T15:53:52+00:00\",\"description\":\"D\u00e9couvrez notre logigramme pour comprendre les \u00e9tapes cl\u00e9s de la gestion de la collecte des archives et optimiser votre processus documentaire.\",\"breadcrumb\":{\"@id\":\"https:\/\/elp.fr\/index.php\/logigramme-la-gestion-de-la-collecte-des-archives\/#breadcrumb\"},\"inLanguage\":\"fr-FR\",\"potentialAction\":[{\"@type\":\"ReadAction\",\"target\":[\"https:\/\/elp.fr\/index.php\/logigramme-la-gestion-de-la-collecte-des-archives\/\"]}]},{\"@type\":\"ImageObject\",\"inLanguage\":\"fr-FR\",\"@id\":\"https:\/\/elp.fr\/index.php\/logigramme-la-gestion-de-la-collecte-des-archives\/#primaryimage\",\"url\":\"https:\/\/elp.fr\/wp-content\/uploads\/2024\/12\/Sans-titre-560x450-1.png\",\"contentUrl\":\"https:\/\/elp.fr\/wp-content\/uploads\/2024\/12\/Sans-titre-560x450-1.png\",\"width\":560,\"height\":315},{\"@type\":\"BreadcrumbList\",\"@id\":\"https:\/\/elp.fr\/index.php\/logigramme-la-gestion-de-la-collecte-des-archives\/#breadcrumb\",\"itemListElement\":[{\"@type\":\"ListItem\",\"position\":1,\"name\":\"Accueil\",\"item\":\"https:\/\/elp.fr\/\"},{\"@type\":\"ListItem\",\"position\":2,\"name\":\"Logigramme : la gestion de la collecte des archives\"}]},{\"@type\":\"WebSite\",\"@id\":\"https:\/\/elp.fr\/#website\",\"url\":\"https:\/\/elp.fr\/\",\"name\":\"ELP\",\"description\":\"Solutions logicielles sur mesure : gestion documentaire, archivage et optimisation industrielle\",\"publisher\":{\"@id\":\"https:\/\/elp.fr\/#organization\"},\"potentialAction\":[{\"@type\":\"SearchAction\",\"target\":{\"@type\":\"EntryPoint\",\"urlTemplate\":\"https:\/\/elp.fr\/?s={search_term_string}\"},\"query-input\":{\"@type\":\"PropertyValueSpecification\",\"valueRequired\":true,\"valueName\":\"search_term_string\"}}],\"inLanguage\":\"fr-FR\"},{\"@type\":\"Organization\",\"@id\":\"https:\/\/elp.fr\/#organization\",\"name\":\"ELP Edition de Logiciels Professionnels\",\"url\":\"https:\/\/elp.fr\/\",\"logo\":{\"@type\":\"ImageObject\",\"inLanguage\":\"fr-FR\",\"@id\":\"https:\/\/elp.fr\/#\/schema\/logo\/image\/\",\"url\":\"https:\/\/elp.fr\/wp-content\/uploads\/2025\/01\/Plan-de-travail-4.png\",\"contentUrl\":\"https:\/\/elp.fr\/wp-content\/uploads\/2025\/01\/Plan-de-travail-4.png\",\"width\":213,\"height\":206,\"caption\":\"ELP Edition de Logiciels Professionnels\"},\"image\":{\"@id\":\"https:\/\/elp.fr\/#\/schema\/logo\/image\/\"},\"sameAs\":[\"https:\/\/x.com\/societe_elp\"]},{\"@type\":\"Person\",\"@id\":\"https:\/\/elp.fr\/#\/schema\/person\/baddc5f4872471f9155d3f3789abe3d8\",\"name\":\"ANA\",\"sameAs\":[\"https:\/\/elp.fr\"],\"url\":\"https:\/\/elp.fr\/index.php\/author\/ana\/\"}]}<\/script>\r\n<!-- \/ Yoast SEO plugin. -->","yoast_head_json":{"title":"gestion de la collecte des archives","description":"D\u00e9couvrez notre logigramme pour comprendre les \u00e9tapes cl\u00e9s de la gestion de la collecte des archives et optimiser votre processus documentaire.","robots":{"index":"index","follow":"follow","max-snippet":"max-snippet:-1","max-image-preview":"max-image-preview:large","max-video-preview":"max-video-preview:-1"},"canonical":"https:\/\/elp.fr\/index.php\/logigramme-la-gestion-de-la-collecte-des-archives\/","og_locale":"fr_FR","og_type":"article","og_title":"gestion de la collecte des archives","og_description":"D\u00e9couvrez notre logigramme pour comprendre les \u00e9tapes cl\u00e9s de la gestion de la collecte des archives et optimiser votre processus documentaire.","og_url":"https:\/\/elp.fr\/index.php\/logigramme-la-gestion-de-la-collecte-des-archives\/","og_site_name":"ELP - Edition de Logiciels Professionnels","article_published_time":"2024-12-10T16:32:01+00:00","article_modified_time":"2025-04-29T15:53:52+00:00","og_image":[{"width":560,"height":315,"url":"https:\/\/elp.fr\/wp-content\/uploads\/2024\/12\/Sans-titre-560x450-1.png","type":"image\/png"}],"author":"ANA","twitter_card":"summary_large_image","twitter_creator":"@societe_elp","twitter_site":"@societe_elp","twitter_misc":{"\u00c9crit par":"ANA","Dur\u00e9e de lecture estim\u00e9e":"2 minutes"},"schema":{"@context":"https:\/\/schema.org","@graph":[{"@type":"Article","@id":"https:\/\/elp.fr\/index.php\/logigramme-la-gestion-de-la-collecte-des-archives\/#article","isPartOf":{"@id":"https:\/\/elp.fr\/index.php\/logigramme-la-gestion-de-la-collecte-des-archives\/"},"author":{"name":"ANA","@id":"https:\/\/elp.fr\/#\/schema\/person\/baddc5f4872471f9155d3f3789abe3d8"},"headline":"Logigramme : la gestion de la collecte des archives","datePublished":"2024-12-10T16:32:01+00:00","dateModified":"2025-04-29T15:53:52+00:00","mainEntityOfPage":{"@id":"https:\/\/elp.fr\/index.php\/logigramme-la-gestion-de-la-collecte-des-archives\/"},"wordCount":279,"commentCount":0,"publisher":{"@id":"https:\/\/elp.fr\/#organization"},"image":{"@id":"https:\/\/elp.fr\/index.php\/logigramme-la-gestion-de-la-collecte-des-archives\/#primaryimage"},"thumbnailUrl":"https:\/\/elp.fr\/wp-content\/uploads\/2024\/12\/Sans-titre-560x450-1.png","keywords":["Archives","Gestion documentaire","Infographies"],"articleSection":["Actualit\u00e9s","Infographies"],"inLanguage":"fr-FR","potentialAction":[{"@type":"CommentAction","name":"Comment","target":["https:\/\/elp.fr\/index.php\/logigramme-la-gestion-de-la-collecte-des-archives\/#respond"]}]},{"@type":"WebPage","@id":"https:\/\/elp.fr\/index.php\/logigramme-la-gestion-de-la-collecte-des-archives\/","url":"https:\/\/elp.fr\/index.php\/logigramme-la-gestion-de-la-collecte-des-archives\/","name":"gestion de la collecte des archives","isPartOf":{"@id":"https:\/\/elp.fr\/#website"},"primaryImageOfPage":{"@id":"https:\/\/elp.fr\/index.php\/logigramme-la-gestion-de-la-collecte-des-archives\/#primaryimage"},"image":{"@id":"https:\/\/elp.fr\/index.php\/logigramme-la-gestion-de-la-collecte-des-archives\/#primaryimage"},"thumbnailUrl":"https:\/\/elp.fr\/wp-content\/uploads\/2024\/12\/Sans-titre-560x450-1.png","datePublished":"2024-12-10T16:32:01+00:00","dateModified":"2025-04-29T15:53:52+00:00","description":"D\u00e9couvrez notre logigramme pour comprendre les \u00e9tapes cl\u00e9s de la gestion de la collecte des archives et optimiser votre processus documentaire.","breadcrumb":{"@id":"https:\/\/elp.fr\/index.php\/logigramme-la-gestion-de-la-collecte-des-archives\/#breadcrumb"},"inLanguage":"fr-FR","potentialAction":[{"@type":"ReadAction","target":["https:\/\/elp.fr\/index.php\/logigramme-la-gestion-de-la-collecte-des-archives\/"]}]},{"@type":"ImageObject","inLanguage":"fr-FR","@id":"https:\/\/elp.fr\/index.php\/logigramme-la-gestion-de-la-collecte-des-archives\/#primaryimage","url":"https:\/\/elp.fr\/wp-content\/uploads\/2024\/12\/Sans-titre-560x450-1.png","contentUrl":"https:\/\/elp.fr\/wp-content\/uploads\/2024\/12\/Sans-titre-560x450-1.png","width":560,"height":315},{"@type":"BreadcrumbList","@id":"https:\/\/elp.fr\/index.php\/logigramme-la-gestion-de-la-collecte-des-archives\/#breadcrumb","itemListElement":[{"@type":"ListItem","position":1,"name":"Accueil","item":"https:\/\/elp.fr\/"},{"@type":"ListItem","position":2,"name":"Logigramme : la gestion de la collecte des archives"}]},{"@type":"WebSite","@id":"https:\/\/elp.fr\/#website","url":"https:\/\/elp.fr\/","name":"ELP","description":"Solutions logicielles sur mesure : gestion documentaire, archivage et optimisation industrielle","publisher":{"@id":"https:\/\/elp.fr\/#organization"},"potentialAction":[{"@type":"SearchAction","target":{"@type":"EntryPoint","urlTemplate":"https:\/\/elp.fr\/?s={search_term_string}"},"query-input":{"@type":"PropertyValueSpecification","valueRequired":true,"valueName":"search_term_string"}}],"inLanguage":"fr-FR"},{"@type":"Organization","@id":"https:\/\/elp.fr\/#organization","name":"ELP Edition de Logiciels Professionnels","url":"https:\/\/elp.fr\/","logo":{"@type":"ImageObject","inLanguage":"fr-FR","@id":"https:\/\/elp.fr\/#\/schema\/logo\/image\/","url":"https:\/\/elp.fr\/wp-content\/uploads\/2025\/01\/Plan-de-travail-4.png","contentUrl":"https:\/\/elp.fr\/wp-content\/uploads\/2025\/01\/Plan-de-travail-4.png","width":213,"height":206,"caption":"ELP Edition de Logiciels Professionnels"},"image":{"@id":"https:\/\/elp.fr\/#\/schema\/logo\/image\/"},"sameAs":["https:\/\/x.com\/societe_elp"]},{"@type":"Person","@id":"https:\/\/elp.fr\/#\/schema\/person\/baddc5f4872471f9155d3f3789abe3d8","name":"ANA","sameAs":["https:\/\/elp.fr"],"url":"https:\/\/elp.fr\/index.php\/author\/ana\/"}]}},"uagb_featured_image_src":{"full":["https:\/\/elp.fr\/wp-content\/uploads\/2024\/12\/Sans-titre-560x450-1.png",560,315,false],"thumbnail":["https:\/\/elp.fr\/wp-content\/uploads\/2024\/12\/Sans-titre-560x450-1.png",150,84,false],"medium":["https:\/\/elp.fr\/wp-content\/uploads\/2024\/12\/Sans-titre-560x450-1.png",300,169,false],"medium_large":["https:\/\/elp.fr\/wp-content\/uploads\/2024\/12\/Sans-titre-560x450-1.png",560,315,false],"large":["https:\/\/elp.fr\/wp-content\/uploads\/2024\/12\/Sans-titre-560x450-1.png",560,315,false],"1536x1536":["https:\/\/elp.fr\/wp-content\/uploads\/2024\/12\/Sans-titre-560x450-1.png",560,315,false],"2048x2048":["https:\/\/elp.fr\/wp-content\/uploads\/2024\/12\/Sans-titre-560x450-1.png",560,315,false]},"uagb_author_info":{"display_name":"ANA","author_link":"https:\/\/elp.fr\/index.php\/author\/ana\/"},"uagb_comment_info":0,"uagb_excerpt":"Depuis quelques ann\u00e9es, la production croissante de documents papiers est \u00e9troitement li\u00e9e \u00e0 la production de donn\u00e9es \u00e9lectroniques (documents bureautiques, [&hellip;]","_links":{"self":[{"href":"https:\/\/elp.fr\/index.php\/wp-json\/wp\/v2\/posts\/834"}],"collection":[{"href":"https:\/\/elp.fr\/index.php\/wp-json\/wp\/v2\/posts"}],"about":[{"href":"https:\/\/elp.fr\/index.php\/wp-json\/wp\/v2\/types\/post"}],"author":[{"embeddable":true,"href":"https:\/\/elp.fr\/index.php\/wp-json\/wp\/v2\/users\/1"}],"replies":[{"embeddable":true,"href":"https:\/\/elp.fr\/index.php\/wp-json\/wp\/v2\/comments?post=834"}],"version-history":[{"count":6,"href":"https:\/\/elp.fr\/index.php\/wp-json\/wp\/v2\/posts\/834\/revisions"}],"predecessor-version":[{"id":3272,"href":"https:\/\/elp.fr\/index.php\/wp-json\/wp\/v2\/posts\/834\/revisions\/3272"}],"wp:featuredmedia":[{"embeddable":true,"href":"https:\/\/elp.fr\/index.php\/wp-json\/wp\/v2\/media\/835"}],"wp:attachment":[{"href":"https:\/\/elp.fr\/index.php\/wp-json\/wp\/v2\/media?parent=834"}],"wp:term":[{"taxonomy":"category","embeddable":true,"href":"https:\/\/elp.fr\/index.php\/wp-json\/wp\/v2\/categories?post=834"},{"taxonomy":"post_tag","embeddable":true,"href":"https:\/\/elp.fr\/index.php\/wp-json\/wp\/v2\/tags?post=834"}],"curies":[{"name":"wp","href":"https:\/\/api.w.org\/{rel}","templated":true}]}}