{"id":788,"date":"2024-12-09T16:32:00","date_gmt":"2024-12-09T16:32:00","guid":{"rendered":"http:\/\/newelp.elp.fr\/?p=788"},"modified":"2025-03-10T15:12:01","modified_gmt":"2025-03-10T15:12:01","slug":"replay-webinar-comment-gerer-et-communiquer-les-archives-de-votre-structure-en-4-etapes","status":"publish","type":"post","link":"https:\/\/elp.fr\/index.php\/replay-webinar-comment-gerer-et-communiquer-les-archives-de-votre-structure-en-4-etapes\/","title":{"rendered":"[REPLAY WEBINAR] Comment g\u00e9rer et communiquer les archives de votre structure en 4 \u00e9tapes ?"},"content":{"rendered":"\n<div class=\"wp-block-uagb-container uagb-block-eeadd012 alignfull uagb-is-root-container\"><div class=\"uagb-container-inner-blocks-wrap\">\n<div class=\"wp-block-uagb-image uagb-block-ed03f759 wp-block-uagb-image--layout-default wp-block-uagb-image--effect-static wp-block-uagb-image--align-none\"><figure class=\"wp-block-uagb-image__figure\"><img decoding=\"async\" data-srcset=\"https:\/\/elp.fr\/wp-content\/uploads\/2024\/12\/Webinaire_Image2-560x450-1.png ,https:\/\/elp.fr\/wp-content\/uploads\/2024\/12\/Webinaire_Image2-560x450-1.png 780w, https:\/\/elp.fr\/wp-content\/uploads\/2024\/12\/Webinaire_Image2-560x450-1.png 360w\" data-sizes=\"(max-width: 480px) 150px\" data-src=\"https:\/\/elp.fr\/wp-content\/uploads\/2024\/12\/Webinaire_Image2-560x450-1.png\" alt=\"\" class=\"uag-image-789 lazyload\" width=\"1200\" height=\"422\" title=\"Webinaire_Image2-560x450\" role=\"img\" src=\"data:image\/svg+xml;base64,PHN2ZyB3aWR0aD0iMSIgaGVpZ2h0PSIxIiB4bWxucz0iaHR0cDovL3d3dy53My5vcmcvMjAwMC9zdmciPjwvc3ZnPg==\" style=\"--smush-placeholder-width: 1200px; --smush-placeholder-aspect-ratio: 1200\/422;\" \/><\/figure><\/div>\n<\/div><\/div>\n\n\n\n<div class=\"wp-block-uagb-container uagb-block-e73bbcb4 alignfull uagb-is-root-container\"><div class=\"uagb-container-inner-blocks-wrap\">\n<div style=\"height:10px\" aria-hidden=\"true\" class=\"wp-block-spacer\"><\/div>\n\n\n\n<p>Les archivistes sont confront\u00e9s \u00e0 de nombreuses difficult\u00e9s dans leurs missions\u202f: la production, voir surproduction, croissante des documents \u00e0 archiver, ainsi que le manque de place dans les magasins de conservation et dans les bureaux. On peut \u00e9galement ajouter que depuis quelques ann\u00e9es, les avanc\u00e9es technologiques r\u00e9centes ont boulevers\u00e9 le m\u00e9tier d\u2019archiviste. Ces innovations am\u00e8nent ainsi l\u2019archiviste \u00e0 repenser ses missions et comp\u00e9tences, pouss\u00e9es vers l\u2019informatique et la communication.&nbsp;&nbsp;Dans un contexte de transition digitale et de surproduction du volume documentaire, les archivistes peuvent, \u00e0 juste titre, se demander comment g\u00e9rer les archives d\u2019une structure, de mani\u00e8re optimale,&nbsp;de leur traitement \u00e0 leur communication\u202f?\u202f&nbsp;<\/p>\n\n\n\n<p>Nous&nbsp;pr\u00e9senterons, dans ce webinaire, les diff\u00e9rentes fonctionnalit\u00e9s du&nbsp;logiciel&nbsp;<strong><a href=\"https:\/\/elp.fr\/index.php\/hyperdhoc-archive\/\" target=\"_blank\" rel=\"noreferrer noopener\">Hyperdhoc&nbsp;Archive<\/a><\/strong>, d\u00e9velopp\u00e9 par l\u2019entreprise&nbsp;<strong>ELP.<\/strong>&nbsp;Cet outil facilite l\u2019acc\u00e8s \u00e0 l\u2019ensemble des archives d\u2019une structure et simplifie la gestion du processus archivistique. Il int\u00e8gre \u00e9galement toutes les fonctionnalit\u00e9s n\u00e9cessaires \u00e0 la collecte, au traitement, \u00e0 la conservation et communication des archives papiers et documents \u00e9lectroniques li\u00e9s.&nbsp;<\/p>\n\n\n\n<div class=\"wp-block-uagb-advanced-heading uagb-block-40c328c2\"><h2 class=\"uagb-heading-text\">Au programme :<\/h2><\/div>\n\n\n\n<ul class=\"wp-block-list\">\n<li>Le choix d\u2019un logiciel pour g\u00e9rer les archives et de ses fonctionnalit\u00e9s\u202f;&nbsp;<\/li>\n\n\n\n<li>Comment traiter et r\u00e9f\u00e9rencer les archives d\u2019une structure de mani\u00e8re optimale\u202f?&nbsp;<\/li>\n\n\n\n<li>La conservation des archives\u202f: centraliser et mieux retrouver les archives\u202f;&nbsp;<\/li>\n\n\n\n<li>Un \u00e9quilibre \u00e0 adopter entre la protection des donn\u00e9es et la communication des archives\u202f;&nbsp;<\/li>\n\n\n\n<li>Les diff\u00e9rents outils de gestion pour vous accompagner de la collecte \u00e0 la communication des archives.&nbsp;<\/li>\n<\/ul>\n\n\n\n<div class=\"wp-block-uagb-inline-notice uagb-inline_notice__align-left uagb-block-994b1af9\"><button class=\"uagb-notice-close-button\" type=\"button\" aria-label=\"Close\"><\/button><h4 class=\"uagb-notice-title\">Ce webinaire est pr\u00e9sent\u00e9 par :<\/h4><div class=\"uagb-notice-text\">\n<p class=\"has-ast-global-color-0-color has-text-color has-link-color wp-elements-776d0092f9952ab848768e77a0d1a2ac\"><strong>Lisa Tetier<\/strong>, consultante archiviste et charg\u00e9e de communication chez ELP.<\/p>\n<\/div><\/div>\n\n\n\n<div style=\"height:15px\" aria-hidden=\"true\" class=\"wp-block-spacer\"><\/div>\n<\/div><\/div>\n\n\n\n<div style=\"height:15px\" aria-hidden=\"true\" class=\"wp-block-spacer\"><\/div>\n\n\n\n<figure class=\"wp-block-embed is-type-video is-provider-youtube wp-block-embed-youtube wp-embed-aspect-16-9 wp-has-aspect-ratio\"><div class=\"wp-block-embed__wrapper\">\n<iframe title=\"Webinaire - Comment g\u00e9rer et communiquer les archives de votre structure en 4 \u00e9tapes\" width=\"500\" height=\"281\" data-src=\"https:\/\/www.youtube.com\/embed\/FLAdQ8X_rIA?feature=oembed\" frameborder=\"0\" allow=\"accelerometer; autoplay; clipboard-write; encrypted-media; gyroscope; picture-in-picture; web-share\" referrerpolicy=\"strict-origin-when-cross-origin\" allowfullscreen src=\"data:image\/svg+xml;base64,PHN2ZyB3aWR0aD0iMSIgaGVpZ2h0PSIxIiB4bWxucz0iaHR0cDovL3d3dy53My5vcmcvMjAwMC9zdmciPjwvc3ZnPg==\" class=\"lazyload\" data-load-mode=\"1\"><\/iframe>\n<\/div><\/figure>\n\n\n\n<div style=\"height:15px\" aria-hidden=\"true\" class=\"wp-block-spacer\"><\/div>\n\n\n\n<div class=\"wp-block-uagb-container uagb-block-c19924b7 alignfull uagb-is-root-container\"><div class=\"uagb-container-inner-blocks-wrap\">\n<div style=\"height:10px\" aria-hidden=\"true\" class=\"wp-block-spacer\"><\/div>\n\n\n\n<p>Pour plus d\u2019informations sur Hyperdhoc Archive :&nbsp;<a href=\"https:\/\/elp.fr\/index.php\/hyperdhoc-archive\/\" target=\"_blank\" rel=\"noreferrer noopener\">Cliquer ici<\/a><br><em>Acc\u00e9dez \u00e0 la&nbsp;<a href=\"https:\/\/www.youtube.com\/channel\/UCHLYybDHa7b1zOiKiokxNUw\">cha\u00eene Youtube d\u2019ELP<\/a>&nbsp;pour consulter les replays de nos pr\u00e9c\u00e9dents webinaires.<\/em><\/p>\n\n\n\n<div style=\"height:15px\" aria-hidden=\"true\" class=\"wp-block-spacer\"><\/div>\n<\/div><\/div>\n","protected":false},"excerpt":{"rendered":"<p>Les archivistes sont confront\u00e9s \u00e0 de nombreuses difficult\u00e9s dans leurs missions\u202f: la production, voir surproduction, croissante des documents \u00e0 archiver, [&hellip;]<\/p>\n","protected":false},"author":1,"featured_media":789,"comment_status":"open","ping_status":"open","sticky":false,"template":"","format":"standard","meta":{"_uag_custom_page_level_css":"","_monsterinsights_skip_tracking":false,"_monsterinsights_sitenote_active":false,"_monsterinsights_sitenote_note":"","_monsterinsights_sitenote_category":0,"_uf_show_specific_survey":0,"_uf_disable_surveys":false,"site-sidebar-layout":"default","site-content-layout":"","ast-site-content-layout":"default","site-content-style":"default","site-sidebar-style":"default","ast-global-header-display":"","ast-banner-title-visibility":"","ast-main-header-display":"","ast-hfb-above-header-display":"","ast-hfb-below-header-display":"","ast-hfb-mobile-header-display":"","site-post-title":"","ast-breadcrumbs-content":"","ast-featured-img":"","footer-sml-layout":"","ast-disable-related-posts":"","theme-transparent-header-meta":"","adv-header-id-meta":"","stick-header-meta":"","header-above-stick-meta":"","header-main-stick-meta":"","header-below-stick-meta":"","astra-migrate-meta-layouts":"default","ast-page-background-enabled":"default","ast-page-background-meta":{"desktop":{"background-color":"var(--ast-global-color-4)","background-image":"","background-repeat":"repeat","background-position":"center center","background-size":"auto","background-attachment":"scroll","background-type":"","background-media":"","overlay-type":"","overlay-color":"","overlay-opacity":"","overlay-gradient":""},"tablet":{"background-color":"","background-image":"","background-repeat":"repeat","background-position":"center center","background-size":"auto","background-attachment":"scroll","background-type":"","background-media":"","overlay-type":"","overlay-color":"","overlay-opacity":"","overlay-gradient":""},"mobile":{"background-color":"","background-image":"","background-repeat":"repeat","background-position":"center center","background-size":"auto","background-attachment":"scroll","background-type":"","background-media":"","overlay-type":"","overlay-color":"","overlay-opacity":"","overlay-gradient":""}},"ast-content-background-meta":{"desktop":{"background-color":"var(--ast-global-color-5)","background-image":"","background-repeat":"repeat","background-position":"center center","background-size":"auto","background-attachment":"scroll","background-type":"","background-media":"","overlay-type":"","overlay-color":"","overlay-opacity":"","overlay-gradient":""},"tablet":{"background-color":"var(--ast-global-color-5)","background-image":"","background-repeat":"repeat","background-position":"center center","background-size":"auto","background-attachment":"scroll","background-type":"","background-media":"","overlay-type":"","overlay-color":"","overlay-opacity":"","overlay-gradient":""},"mobile":{"background-color":"var(--ast-global-color-5)","background-image":"","background-repeat":"repeat","background-position":"center center","background-size":"auto","background-attachment":"scroll","background-type":"","background-media":"","overlay-type":"","overlay-color":"","overlay-opacity":"","overlay-gradient":""}},"footnotes":""},"categories":[46,55],"tags":[47,50,56],"class_list":["post-788","post","type-post","status-publish","format-standard","has-post-thumbnail","hentry","category-actualites","category-webinars","tag-archives","tag-gestion-documentaire","tag-webinars"],"yoast_head":"<!-- This site is optimized with the Yoast SEO plugin v25.6 - https:\/\/yoast.com\/wordpress\/plugins\/seo\/ -->\r\n<title>[REPLAY WEBINAR] Comment g\u00e9rer et communiquer les archives de votre structure en 4 \u00e9tapes ? - ELP - Edition de Logiciels Professionnels<\/title>\r\n<meta name=\"robots\" content=\"index, follow, max-snippet:-1, max-image-preview:large, max-video-preview:-1\" \/>\r\n<link rel=\"canonical\" href=\"https:\/\/elp.fr\/index.php\/replay-webinar-comment-gerer-et-communiquer-les-archives-de-votre-structure-en-4-etapes\/\" \/>\r\n<meta property=\"og:locale\" content=\"fr_FR\" \/>\r\n<meta property=\"og:type\" content=\"article\" \/>\r\n<meta property=\"og:title\" content=\"[REPLAY WEBINAR] Comment g\u00e9rer et communiquer les archives de votre structure en 4 \u00e9tapes ? - ELP - Edition de Logiciels Professionnels\" \/>\r\n<meta property=\"og:description\" content=\"Les archivistes sont confront\u00e9s \u00e0 de nombreuses difficult\u00e9s dans leurs missions\u202f: la production, voir surproduction, croissante des documents \u00e0 archiver, [&hellip;]\" \/>\r\n<meta property=\"og:url\" content=\"https:\/\/elp.fr\/index.php\/replay-webinar-comment-gerer-et-communiquer-les-archives-de-votre-structure-en-4-etapes\/\" \/>\r\n<meta property=\"og:site_name\" content=\"ELP - Edition de Logiciels Professionnels\" \/>\r\n<meta property=\"article:published_time\" content=\"2024-12-09T16:32:00+00:00\" \/>\r\n<meta property=\"article:modified_time\" content=\"2025-03-10T15:12:01+00:00\" \/>\r\n<meta property=\"og:image\" content=\"https:\/\/elp.fr\/wp-content\/uploads\/2024\/12\/Webinaire_Image2-560x450-1.png\" \/>\r\n\t<meta property=\"og:image:width\" content=\"558\" \/>\r\n\t<meta property=\"og:image:height\" content=\"314\" \/>\r\n\t<meta property=\"og:image:type\" content=\"image\/png\" \/>\r\n<meta name=\"author\" content=\"ANA\" \/>\r\n<meta name=\"twitter:card\" content=\"summary_large_image\" \/>\r\n<meta name=\"twitter:creator\" content=\"@societe_elp\" \/>\r\n<meta name=\"twitter:site\" content=\"@societe_elp\" \/>\r\n<meta name=\"twitter:label1\" content=\"\u00c9crit par\" \/>\n\t<meta name=\"twitter:data1\" content=\"ANA\" \/>\n\t<meta name=\"twitter:label2\" content=\"Dur\u00e9e de lecture estim\u00e9e\" \/>\n\t<meta name=\"twitter:data2\" content=\"2 minutes\" \/>\r\n<script type=\"application\/ld+json\" class=\"yoast-schema-graph\">{\"@context\":\"https:\/\/schema.org\",\"@graph\":[{\"@type\":\"Article\",\"@id\":\"https:\/\/elp.fr\/index.php\/replay-webinar-comment-gerer-et-communiquer-les-archives-de-votre-structure-en-4-etapes\/#article\",\"isPartOf\":{\"@id\":\"https:\/\/elp.fr\/index.php\/replay-webinar-comment-gerer-et-communiquer-les-archives-de-votre-structure-en-4-etapes\/\"},\"author\":{\"name\":\"ANA\",\"@id\":\"https:\/\/elp.fr\/#\/schema\/person\/baddc5f4872471f9155d3f3789abe3d8\"},\"headline\":\"[REPLAY WEBINAR] Comment g\u00e9rer et communiquer les archives de votre structure en 4 \u00e9tapes ?\",\"datePublished\":\"2024-12-09T16:32:00+00:00\",\"dateModified\":\"2025-03-10T15:12:01+00:00\",\"mainEntityOfPage\":{\"@id\":\"https:\/\/elp.fr\/index.php\/replay-webinar-comment-gerer-et-communiquer-les-archives-de-votre-structure-en-4-etapes\/\"},\"wordCount\":336,\"commentCount\":0,\"publisher\":{\"@id\":\"https:\/\/elp.fr\/#organization\"},\"image\":{\"@id\":\"https:\/\/elp.fr\/index.php\/replay-webinar-comment-gerer-et-communiquer-les-archives-de-votre-structure-en-4-etapes\/#primaryimage\"},\"thumbnailUrl\":\"https:\/\/elp.fr\/wp-content\/uploads\/2024\/12\/Webinaire_Image2-560x450-1.png\",\"keywords\":[\"Archives\",\"Gestion documentaire\",\"Webinars\"],\"articleSection\":[\"Actualit\u00e9s\",\"Webinars\"],\"inLanguage\":\"fr-FR\",\"potentialAction\":[{\"@type\":\"CommentAction\",\"name\":\"Comment\",\"target\":[\"https:\/\/elp.fr\/index.php\/replay-webinar-comment-gerer-et-communiquer-les-archives-de-votre-structure-en-4-etapes\/#respond\"]}]},{\"@type\":\"WebPage\",\"@id\":\"https:\/\/elp.fr\/index.php\/replay-webinar-comment-gerer-et-communiquer-les-archives-de-votre-structure-en-4-etapes\/\",\"url\":\"https:\/\/elp.fr\/index.php\/replay-webinar-comment-gerer-et-communiquer-les-archives-de-votre-structure-en-4-etapes\/\",\"name\":\"[REPLAY WEBINAR] Comment g\u00e9rer et communiquer les archives de votre structure en 4 \u00e9tapes ? - ELP - Edition de Logiciels Professionnels\",\"isPartOf\":{\"@id\":\"https:\/\/elp.fr\/#website\"},\"primaryImageOfPage\":{\"@id\":\"https:\/\/elp.fr\/index.php\/replay-webinar-comment-gerer-et-communiquer-les-archives-de-votre-structure-en-4-etapes\/#primaryimage\"},\"image\":{\"@id\":\"https:\/\/elp.fr\/index.php\/replay-webinar-comment-gerer-et-communiquer-les-archives-de-votre-structure-en-4-etapes\/#primaryimage\"},\"thumbnailUrl\":\"https:\/\/elp.fr\/wp-content\/uploads\/2024\/12\/Webinaire_Image2-560x450-1.png\",\"datePublished\":\"2024-12-09T16:32:00+00:00\",\"dateModified\":\"2025-03-10T15:12:01+00:00\",\"breadcrumb\":{\"@id\":\"https:\/\/elp.fr\/index.php\/replay-webinar-comment-gerer-et-communiquer-les-archives-de-votre-structure-en-4-etapes\/#breadcrumb\"},\"inLanguage\":\"fr-FR\",\"potentialAction\":[{\"@type\":\"ReadAction\",\"target\":[\"https:\/\/elp.fr\/index.php\/replay-webinar-comment-gerer-et-communiquer-les-archives-de-votre-structure-en-4-etapes\/\"]}]},{\"@type\":\"ImageObject\",\"inLanguage\":\"fr-FR\",\"@id\":\"https:\/\/elp.fr\/index.php\/replay-webinar-comment-gerer-et-communiquer-les-archives-de-votre-structure-en-4-etapes\/#primaryimage\",\"url\":\"https:\/\/elp.fr\/wp-content\/uploads\/2024\/12\/Webinaire_Image2-560x450-1.png\",\"contentUrl\":\"https:\/\/elp.fr\/wp-content\/uploads\/2024\/12\/Webinaire_Image2-560x450-1.png\",\"width\":558,\"height\":314},{\"@type\":\"BreadcrumbList\",\"@id\":\"https:\/\/elp.fr\/index.php\/replay-webinar-comment-gerer-et-communiquer-les-archives-de-votre-structure-en-4-etapes\/#breadcrumb\",\"itemListElement\":[{\"@type\":\"ListItem\",\"position\":1,\"name\":\"Accueil\",\"item\":\"https:\/\/elp.fr\/\"},{\"@type\":\"ListItem\",\"position\":2,\"name\":\"[REPLAY WEBINAR] Comment g\u00e9rer et communiquer les archives de votre structure en 4 \u00e9tapes ?\"}]},{\"@type\":\"WebSite\",\"@id\":\"https:\/\/elp.fr\/#website\",\"url\":\"https:\/\/elp.fr\/\",\"name\":\"ELP\",\"description\":\"Solutions logicielles sur mesure : gestion documentaire, archivage et optimisation industrielle\",\"publisher\":{\"@id\":\"https:\/\/elp.fr\/#organization\"},\"potentialAction\":[{\"@type\":\"SearchAction\",\"target\":{\"@type\":\"EntryPoint\",\"urlTemplate\":\"https:\/\/elp.fr\/?s={search_term_string}\"},\"query-input\":{\"@type\":\"PropertyValueSpecification\",\"valueRequired\":true,\"valueName\":\"search_term_string\"}}],\"inLanguage\":\"fr-FR\"},{\"@type\":\"Organization\",\"@id\":\"https:\/\/elp.fr\/#organization\",\"name\":\"ELP Edition de Logiciels Professionnels\",\"url\":\"https:\/\/elp.fr\/\",\"logo\":{\"@type\":\"ImageObject\",\"inLanguage\":\"fr-FR\",\"@id\":\"https:\/\/elp.fr\/#\/schema\/logo\/image\/\",\"url\":\"https:\/\/elp.fr\/wp-content\/uploads\/2025\/01\/Plan-de-travail-4.png\",\"contentUrl\":\"https:\/\/elp.fr\/wp-content\/uploads\/2025\/01\/Plan-de-travail-4.png\",\"width\":213,\"height\":206,\"caption\":\"ELP Edition de Logiciels Professionnels\"},\"image\":{\"@id\":\"https:\/\/elp.fr\/#\/schema\/logo\/image\/\"},\"sameAs\":[\"https:\/\/x.com\/societe_elp\"]},{\"@type\":\"Person\",\"@id\":\"https:\/\/elp.fr\/#\/schema\/person\/baddc5f4872471f9155d3f3789abe3d8\",\"name\":\"ANA\",\"sameAs\":[\"https:\/\/elp.fr\"],\"url\":\"https:\/\/elp.fr\/index.php\/author\/ana\/\"}]}<\/script>\r\n<!-- \/ Yoast SEO plugin. -->","yoast_head_json":{"title":"[REPLAY WEBINAR] Comment g\u00e9rer et communiquer les archives de votre structure en 4 \u00e9tapes ? - ELP - Edition de Logiciels Professionnels","robots":{"index":"index","follow":"follow","max-snippet":"max-snippet:-1","max-image-preview":"max-image-preview:large","max-video-preview":"max-video-preview:-1"},"canonical":"https:\/\/elp.fr\/index.php\/replay-webinar-comment-gerer-et-communiquer-les-archives-de-votre-structure-en-4-etapes\/","og_locale":"fr_FR","og_type":"article","og_title":"[REPLAY WEBINAR] Comment g\u00e9rer et communiquer les archives de votre structure en 4 \u00e9tapes ? - ELP - Edition de Logiciels Professionnels","og_description":"Les archivistes sont confront\u00e9s \u00e0 de nombreuses difficult\u00e9s dans leurs missions\u202f: la production, voir surproduction, croissante des documents \u00e0 archiver, [&hellip;]","og_url":"https:\/\/elp.fr\/index.php\/replay-webinar-comment-gerer-et-communiquer-les-archives-de-votre-structure-en-4-etapes\/","og_site_name":"ELP - Edition de Logiciels Professionnels","article_published_time":"2024-12-09T16:32:00+00:00","article_modified_time":"2025-03-10T15:12:01+00:00","og_image":[{"width":558,"height":314,"url":"https:\/\/elp.fr\/wp-content\/uploads\/2024\/12\/Webinaire_Image2-560x450-1.png","type":"image\/png"}],"author":"ANA","twitter_card":"summary_large_image","twitter_creator":"@societe_elp","twitter_site":"@societe_elp","twitter_misc":{"\u00c9crit par":"ANA","Dur\u00e9e de lecture estim\u00e9e":"2 minutes"},"schema":{"@context":"https:\/\/schema.org","@graph":[{"@type":"Article","@id":"https:\/\/elp.fr\/index.php\/replay-webinar-comment-gerer-et-communiquer-les-archives-de-votre-structure-en-4-etapes\/#article","isPartOf":{"@id":"https:\/\/elp.fr\/index.php\/replay-webinar-comment-gerer-et-communiquer-les-archives-de-votre-structure-en-4-etapes\/"},"author":{"name":"ANA","@id":"https:\/\/elp.fr\/#\/schema\/person\/baddc5f4872471f9155d3f3789abe3d8"},"headline":"[REPLAY WEBINAR] Comment g\u00e9rer et communiquer les archives de votre structure en 4 \u00e9tapes ?","datePublished":"2024-12-09T16:32:00+00:00","dateModified":"2025-03-10T15:12:01+00:00","mainEntityOfPage":{"@id":"https:\/\/elp.fr\/index.php\/replay-webinar-comment-gerer-et-communiquer-les-archives-de-votre-structure-en-4-etapes\/"},"wordCount":336,"commentCount":0,"publisher":{"@id":"https:\/\/elp.fr\/#organization"},"image":{"@id":"https:\/\/elp.fr\/index.php\/replay-webinar-comment-gerer-et-communiquer-les-archives-de-votre-structure-en-4-etapes\/#primaryimage"},"thumbnailUrl":"https:\/\/elp.fr\/wp-content\/uploads\/2024\/12\/Webinaire_Image2-560x450-1.png","keywords":["Archives","Gestion documentaire","Webinars"],"articleSection":["Actualit\u00e9s","Webinars"],"inLanguage":"fr-FR","potentialAction":[{"@type":"CommentAction","name":"Comment","target":["https:\/\/elp.fr\/index.php\/replay-webinar-comment-gerer-et-communiquer-les-archives-de-votre-structure-en-4-etapes\/#respond"]}]},{"@type":"WebPage","@id":"https:\/\/elp.fr\/index.php\/replay-webinar-comment-gerer-et-communiquer-les-archives-de-votre-structure-en-4-etapes\/","url":"https:\/\/elp.fr\/index.php\/replay-webinar-comment-gerer-et-communiquer-les-archives-de-votre-structure-en-4-etapes\/","name":"[REPLAY WEBINAR] Comment g\u00e9rer et communiquer les archives de votre structure en 4 \u00e9tapes ? - ELP - Edition de Logiciels Professionnels","isPartOf":{"@id":"https:\/\/elp.fr\/#website"},"primaryImageOfPage":{"@id":"https:\/\/elp.fr\/index.php\/replay-webinar-comment-gerer-et-communiquer-les-archives-de-votre-structure-en-4-etapes\/#primaryimage"},"image":{"@id":"https:\/\/elp.fr\/index.php\/replay-webinar-comment-gerer-et-communiquer-les-archives-de-votre-structure-en-4-etapes\/#primaryimage"},"thumbnailUrl":"https:\/\/elp.fr\/wp-content\/uploads\/2024\/12\/Webinaire_Image2-560x450-1.png","datePublished":"2024-12-09T16:32:00+00:00","dateModified":"2025-03-10T15:12:01+00:00","breadcrumb":{"@id":"https:\/\/elp.fr\/index.php\/replay-webinar-comment-gerer-et-communiquer-les-archives-de-votre-structure-en-4-etapes\/#breadcrumb"},"inLanguage":"fr-FR","potentialAction":[{"@type":"ReadAction","target":["https:\/\/elp.fr\/index.php\/replay-webinar-comment-gerer-et-communiquer-les-archives-de-votre-structure-en-4-etapes\/"]}]},{"@type":"ImageObject","inLanguage":"fr-FR","@id":"https:\/\/elp.fr\/index.php\/replay-webinar-comment-gerer-et-communiquer-les-archives-de-votre-structure-en-4-etapes\/#primaryimage","url":"https:\/\/elp.fr\/wp-content\/uploads\/2024\/12\/Webinaire_Image2-560x450-1.png","contentUrl":"https:\/\/elp.fr\/wp-content\/uploads\/2024\/12\/Webinaire_Image2-560x450-1.png","width":558,"height":314},{"@type":"BreadcrumbList","@id":"https:\/\/elp.fr\/index.php\/replay-webinar-comment-gerer-et-communiquer-les-archives-de-votre-structure-en-4-etapes\/#breadcrumb","itemListElement":[{"@type":"ListItem","position":1,"name":"Accueil","item":"https:\/\/elp.fr\/"},{"@type":"ListItem","position":2,"name":"[REPLAY WEBINAR] Comment g\u00e9rer et communiquer les archives de votre structure en 4 \u00e9tapes ?"}]},{"@type":"WebSite","@id":"https:\/\/elp.fr\/#website","url":"https:\/\/elp.fr\/","name":"ELP","description":"Solutions logicielles sur mesure : gestion documentaire, archivage et optimisation industrielle","publisher":{"@id":"https:\/\/elp.fr\/#organization"},"potentialAction":[{"@type":"SearchAction","target":{"@type":"EntryPoint","urlTemplate":"https:\/\/elp.fr\/?s={search_term_string}"},"query-input":{"@type":"PropertyValueSpecification","valueRequired":true,"valueName":"search_term_string"}}],"inLanguage":"fr-FR"},{"@type":"Organization","@id":"https:\/\/elp.fr\/#organization","name":"ELP Edition de Logiciels Professionnels","url":"https:\/\/elp.fr\/","logo":{"@type":"ImageObject","inLanguage":"fr-FR","@id":"https:\/\/elp.fr\/#\/schema\/logo\/image\/","url":"https:\/\/elp.fr\/wp-content\/uploads\/2025\/01\/Plan-de-travail-4.png","contentUrl":"https:\/\/elp.fr\/wp-content\/uploads\/2025\/01\/Plan-de-travail-4.png","width":213,"height":206,"caption":"ELP Edition de Logiciels Professionnels"},"image":{"@id":"https:\/\/elp.fr\/#\/schema\/logo\/image\/"},"sameAs":["https:\/\/x.com\/societe_elp"]},{"@type":"Person","@id":"https:\/\/elp.fr\/#\/schema\/person\/baddc5f4872471f9155d3f3789abe3d8","name":"ANA","sameAs":["https:\/\/elp.fr"],"url":"https:\/\/elp.fr\/index.php\/author\/ana\/"}]}},"uagb_featured_image_src":{"full":["https:\/\/elp.fr\/wp-content\/uploads\/2024\/12\/Webinaire_Image2-560x450-1.png",558,314,false],"thumbnail":["https:\/\/elp.fr\/wp-content\/uploads\/2024\/12\/Webinaire_Image2-560x450-1.png",150,84,false],"medium":["https:\/\/elp.fr\/wp-content\/uploads\/2024\/12\/Webinaire_Image2-560x450-1.png",300,169,false],"medium_large":["https:\/\/elp.fr\/wp-content\/uploads\/2024\/12\/Webinaire_Image2-560x450-1.png",558,314,false],"large":["https:\/\/elp.fr\/wp-content\/uploads\/2024\/12\/Webinaire_Image2-560x450-1.png",558,314,false],"1536x1536":["https:\/\/elp.fr\/wp-content\/uploads\/2024\/12\/Webinaire_Image2-560x450-1.png",558,314,false],"2048x2048":["https:\/\/elp.fr\/wp-content\/uploads\/2024\/12\/Webinaire_Image2-560x450-1.png",558,314,false]},"uagb_author_info":{"display_name":"ANA","author_link":"https:\/\/elp.fr\/index.php\/author\/ana\/"},"uagb_comment_info":0,"uagb_excerpt":"Les archivistes sont confront\u00e9s \u00e0 de nombreuses difficult\u00e9s dans leurs missions\u202f: la production, voir surproduction, croissante des documents \u00e0 archiver, [&hellip;]","_links":{"self":[{"href":"https:\/\/elp.fr\/index.php\/wp-json\/wp\/v2\/posts\/788"}],"collection":[{"href":"https:\/\/elp.fr\/index.php\/wp-json\/wp\/v2\/posts"}],"about":[{"href":"https:\/\/elp.fr\/index.php\/wp-json\/wp\/v2\/types\/post"}],"author":[{"embeddable":true,"href":"https:\/\/elp.fr\/index.php\/wp-json\/wp\/v2\/users\/1"}],"replies":[{"embeddable":true,"href":"https:\/\/elp.fr\/index.php\/wp-json\/wp\/v2\/comments?post=788"}],"version-history":[{"count":3,"href":"https:\/\/elp.fr\/index.php\/wp-json\/wp\/v2\/posts\/788\/revisions"}],"predecessor-version":[{"id":2458,"href":"https:\/\/elp.fr\/index.php\/wp-json\/wp\/v2\/posts\/788\/revisions\/2458"}],"wp:featuredmedia":[{"embeddable":true,"href":"https:\/\/elp.fr\/index.php\/wp-json\/wp\/v2\/media\/789"}],"wp:attachment":[{"href":"https:\/\/elp.fr\/index.php\/wp-json\/wp\/v2\/media?parent=788"}],"wp:term":[{"taxonomy":"category","embeddable":true,"href":"https:\/\/elp.fr\/index.php\/wp-json\/wp\/v2\/categories?post=788"},{"taxonomy":"post_tag","embeddable":true,"href":"https:\/\/elp.fr\/index.php\/wp-json\/wp\/v2\/tags?post=788"}],"curies":[{"name":"wp","href":"https:\/\/api.w.org\/{rel}","templated":true}]}}