{"id":1073,"date":"2024-12-23T15:17:32","date_gmt":"2024-12-23T15:17:32","guid":{"rendered":"http:\/\/newelp.elp.fr\/?p=1073"},"modified":"2025-04-15T13:55:02","modified_gmt":"2025-04-15T13:55:02","slug":"replay-webinaire-gerer-la-collecte-le-traitement-lindexation-et-la-communication-des-documents-electroniques","status":"publish","type":"post","link":"https:\/\/elp.fr\/index.php\/replay-webinaire-gerer-la-collecte-le-traitement-lindexation-et-la-communication-des-documents-electroniques\/","title":{"rendered":"[REPLAY WEBINAIRE] G\u00e9rer la collecte, le traitement, l\u2019indexation et la communication des documents \u00e9lectroniques"},"content":{"rendered":"\n<div class=\"wp-block-uagb-container uagb-block-75573231 alignfull uagb-is-root-container\"><div class=\"uagb-container-inner-blocks-wrap\">\n<div class=\"wp-block-uagb-image uagb-block-ed03f759 wp-block-uagb-image--layout-default wp-block-uagb-image--effect-static wp-block-uagb-image--align-none wp-embed-aspect-16-9 wp-has-aspect-ratio\"><figure class=\"wp-block-uagb-image__figure\"><img decoding=\"async\" data-srcset=\"http:\/\/elp.fr\/wp-content\/uploads\/2024\/12\/AdobeStock_580490659-scaled-1.jpeg ,http:\/\/elp.fr\/wp-content\/uploads\/2024\/12\/AdobeStock_580490659-scaled-1.jpeg 780w, http:\/\/elp.fr\/wp-content\/uploads\/2024\/12\/AdobeStock_580490659-scaled-1.jpeg 360w\" data-sizes=\"(max-width: 480px) 150px\" data-src=\"http:\/\/elp.fr\/wp-content\/uploads\/2024\/12\/AdobeStock_580490659-scaled-1.jpeg\" alt=\"\" class=\"uag-image-1074 lazyload\" width=\"1200\" height=\"314\" title=\"AdobeStock_580490659-scaled (1)\" role=\"img\" src=\"data:image\/svg+xml;base64,PHN2ZyB3aWR0aD0iMSIgaGVpZ2h0PSIxIiB4bWxucz0iaHR0cDovL3d3dy53My5vcmcvMjAwMC9zdmciPjwvc3ZnPg==\" style=\"--smush-placeholder-width: 1200px; --smush-placeholder-aspect-ratio: 1200\/314;\" \/><\/figure><\/div>\n<\/div><\/div>\n\n\n\n<div class=\"wp-block-uagb-container wp-embed-aspect-16-9 wp-has-aspect-ratio uagb-block-e73bbcb4 alignfull uagb-is-root-container\"><div class=\"uagb-container-inner-blocks-wrap\">\n<div style=\"height:10px\" aria-hidden=\"true\" class=\"wp-block-spacer\"><\/div>\n\n\n\n<p>D\u00e9couvrez dans le replay de ce webinaire la gestion de la communication documents \u00e9lectroniques, avec <a href=\"https:\/\/elp.fr\/index.php\/hyperdhoc-archive\/\"><strong>Hyperdhoc Archive<\/strong><\/a>.<\/p>\n\n\n\n<div class=\"wp-block-uagb-advanced-heading uagb-block-ad907470\"><h4 class=\"uagb-heading-text\">G\u00e9rer la collecte, le traitement, l\u2019indexation et la communication des documents \u00e9lectroniques avec Hyperdhoc Archive<\/h4><\/div>\n\n\n\n<p><strong>Importer les documents \u00e9lectroniques dans un versement<\/strong><br>Deux approches sont propos\u00e9es aux correspondants-archives pour int\u00e9grer des documents \u00e9lectroniques \u00e0 leurs versements. La premi\u00e8re consiste \u00e0 les stocker dans une bo\u00eete virtuelle distincte des archives du versement. La seconde m\u00e9thode permet d\u2019associer un document \u00e0 une unit\u00e9 documentaire sp\u00e9cifique dans la bo\u00eete d\u2019archives. L\u2019archiviste a la possibilit\u00e9 de consulter, imprimer et t\u00e9l\u00e9charger les documents. Le logiciel <a href=\"https:\/\/elp.fr\/index.php\/hyperdhoc-archive\/\"><strong>Hyperdhoc Archive<\/strong><\/a> convertit automatiquement les formats bureautiques en PDF\/A pour assurer leur p\u00e9rennit\u00e9. Il fournit \u00e9galement des m\u00e9tadonn\u00e9es pour l\u2019identification, la recherche et la s\u00e9curisation des documents. Enfin, cette fonctionnalit\u00e9 garantit l\u2019acc\u00e8s aux documents originaux et \u00e0 leur copie.<br><br><strong>G\u00e9rer les m\u00e9tadonn\u00e9es des documents<br><\/strong>Apr\u00e8s l\u2019importation, l\u2019archiviste peut ajouter des <strong><a href=\"https:\/\/www.larousse.fr\/dictionnaires\/francais\/m%C3%A9tadonn%C3%A9e\/186919\">m\u00e9tadonn\u00e9es<\/a> <\/strong>suppl\u00e9mentaires pour contextualiser la production ou la r\u00e9ception des documents. Il peut notamment pr\u00e9ciser le nom de l\u2019auteur, une date sp\u00e9cifique, voire une p\u00e9riode pour les dossiers contenant plusieurs documents \u00e0 diff\u00e9rentes dates. Il peut \u00e9galement modifier le classement en fonction du contenu. Cette modification ajuste automatiquement la dur\u00e9e de conservation et le sort final des documents. De plus, des informations suppl\u00e9mentaires peuvent \u00eatre associ\u00e9es en fonction de la nature s\u00e9lectionn\u00e9e. La nature est associ\u00e9e \u00e0 des champs personnalis\u00e9s pour caract\u00e9riser le versement et les documents \u00e9lectroniques.<br><br><strong>R\u00e9aliser une recherche et g\u00e9rer les demandes de num\u00e9risation<br><\/strong>Les utilisateurs peuvent rechercher des documents \u00e9lectroniques par mot-cl\u00e9 dans la base de donn\u00e9es ou dans le contenu des documents. Les crit\u00e8res de recherche comprennent l\u2019\u00e9tablissement, le service producteur, une rubrique de classement, la date, le titre, l\u2019auteur ou m\u00eame l\u2019extension de fichier. Les r\u00e9sultats de recherche permettent la consultation ou le t\u00e9l\u00e9chargement des documents, ainsi que l\u2019exportation au format CSV, Excel ou PDF. Les demandes de num\u00e9risation peuvent \u00e9galement \u00eatre envoy\u00e9es au service des archives, si les documents ne sont pas disponibles en format num\u00e9rique. Les droits de consultation sont configurables par l\u2019archiviste pour assurer la confidentialit\u00e9 des donn\u00e9es.<br><br><strong>Garantir la conformit\u00e9 et la protection des donn\u00e9es<br><\/strong><a href=\"https:\/\/elp.fr\/index.php\/hyperdhoc-archive\/\"><strong>Hyperdhoc Archive<\/strong><\/a> assure la conformit\u00e9 et la protection des donn\u00e9es gr\u00e2ce \u00e0 son module de supervision. Le module lance des t\u00e2ches de contr\u00f4le d\u2019int\u00e9grit\u00e9 et d\u2019exhaustivit\u00e9. Les rapports sont automatiquement g\u00e9n\u00e9r\u00e9s selon une programmation p\u00e9riodique d\u00e9finie par l\u2019administrateur. Le contr\u00f4le d\u2019exhaustivit\u00e9 v\u00e9rifie si des documents \u00e9lectroniques enregistr\u00e9s n\u2019ont pas \u00e9t\u00e9 d\u00e9truits accidentellement. Le contr\u00f4le d\u2019int\u00e9grit\u00e9 assure l\u2019int\u00e9grit\u00e9 des documents en effectuant des \u00e9chantillonnages. En cas d\u2019anomalie, les documents concern\u00e9s sont signal\u00e9s comme invalides, permettant \u00e0 l\u2019administrateur d\u2019effectuer les r\u00e9parations n\u00e9cessaires.<\/p>\n\n\n\n<div class=\"wp-block-uagb-inline-notice uagb-inline_notice__align-left uagb-block-994b1af9\"><button class=\"uagb-notice-close-button\" type=\"button\" aria-label=\"Close\"><\/button><h4 class=\"uagb-notice-title\">Ce webinaire est pr\u00e9sent\u00e9 par :<\/h4><div class=\"uagb-notice-text\">\n<p class=\"has-ast-global-color-0-color has-text-color has-link-color wp-elements-776d0092f9952ab848768e77a0d1a2ac\"><strong>Lisa Tetier<\/strong>, consultante archiviste et charg\u00e9e de communication chez ELP.<\/p>\n<\/div><\/div>\n\n\n\n<figure class=\"wp-block-embed is-type-video is-provider-youtube wp-block-embed-youtube wp-embed-aspect-16-9 wp-has-aspect-ratio\"><div class=\"wp-block-embed__wrapper\">\n<iframe title=\"G\u00e9rer la collecte, le traitement, l\u2019indexation et la communication des documents \u00e9lectroniques\" width=\"500\" height=\"281\" data-src=\"https:\/\/www.youtube.com\/embed\/DNue0zCqY84?feature=oembed\" frameborder=\"0\" allow=\"accelerometer; autoplay; clipboard-write; encrypted-media; gyroscope; picture-in-picture; web-share\" referrerpolicy=\"strict-origin-when-cross-origin\" allowfullscreen src=\"data:image\/svg+xml;base64,PHN2ZyB3aWR0aD0iMSIgaGVpZ2h0PSIxIiB4bWxucz0iaHR0cDovL3d3dy53My5vcmcvMjAwMC9zdmciPjwvc3ZnPg==\" class=\"lazyload\" data-load-mode=\"1\"><\/iframe>\n<\/div><\/figure>\n\n\n\n<div style=\"height:15px\" aria-hidden=\"true\" class=\"wp-block-spacer\"><\/div>\n<\/div><\/div>\n\n\n\n<div style=\"height:15px\" aria-hidden=\"true\" class=\"wp-block-spacer wp-embed-aspect-16-9 wp-has-aspect-ratio\"><\/div>\n\n\n\n<div class=\"wp-block-uagb-container wp-embed-aspect-16-9 wp-has-aspect-ratio uagb-block-c19924b7 default uagb-is-root-container\">\n<div style=\"height:10px\" aria-hidden=\"true\" class=\"wp-block-spacer\"><\/div>\n\n\n\n<div class=\"wp-block-uagb-image uagb-block-55a1fada wp-block-uagb-image--layout-default wp-block-uagb-image--effect-static wp-block-uagb-image--align-none\"><figure class=\"wp-block-uagb-image__figure\"><img decoding=\"async\" data-srcset=\"http:\/\/elp.fr\/wp-content\/uploads\/2024\/09\/logo_hyperdhoc_archive_big.png ,http:\/\/elp.fr\/wp-content\/uploads\/2024\/09\/logo_hyperdhoc_archive_big.png 780w, http:\/\/elp.fr\/wp-content\/uploads\/2024\/09\/logo_hyperdhoc_archive_big.png 360w\" data-sizes=\"(max-width: 480px) 150px\" data-src=\"http:\/\/elp.fr\/wp-content\/uploads\/2024\/09\/logo_hyperdhoc_archive_big.png\" alt=\"\" class=\"uag-image-217 lazyload\" width=\"347\" height=\"100\" title=\"logo_hyperdhoc_archive_big\" role=\"img\" src=\"data:image\/svg+xml;base64,PHN2ZyB3aWR0aD0iMSIgaGVpZ2h0PSIxIiB4bWxucz0iaHR0cDovL3d3dy53My5vcmcvMjAwMC9zdmciPjwvc3ZnPg==\" style=\"--smush-placeholder-width: 347px; --smush-placeholder-aspect-ratio: 347\/100;\" \/><\/figure><\/div>\n\n\n\n<p class=\"has-text-align-center\">Pour plus d\u2019informations sur Hyperdhoc Archive :&nbsp;<a href=\"https:\/\/elp.fr\/index.php\/hyperdhoc-archive\/\" target=\"_blank\" rel=\"noreferrer noopener\">Cliquer ici<\/a><br><em>Acc\u00e9dez \u00e0 la&nbsp;<a href=\"https:\/\/www.youtube.com\/channel\/UCHLYybDHa7b1zOiKiokxNUw\">cha\u00eene Youtube d\u2019ELP<\/a>&nbsp;pour consulter les replays de nos pr\u00e9c\u00e9dents webinaires.<\/em><\/p>\n\n\n\n<div style=\"height:15px\" aria-hidden=\"true\" class=\"wp-block-spacer\"><\/div>\n<\/div>\n\n\n\n<p><\/p>\n","protected":false},"excerpt":{"rendered":"<p>D\u00e9couvrez dans le replay de ce webinaire la gestion de la communication documents \u00e9lectroniques, avec Hyperdhoc Archive. G\u00e9rer la collecte, [&hellip;]<\/p>\n","protected":false},"author":1,"featured_media":1074,"comment_status":"open","ping_status":"open","sticky":false,"template":"","format":"standard","meta":{"_uag_custom_page_level_css":"","_monsterinsights_skip_tracking":false,"_monsterinsights_sitenote_active":false,"_monsterinsights_sitenote_note":"","_monsterinsights_sitenote_category":0,"_uf_show_specific_survey":0,"_uf_disable_surveys":false,"site-sidebar-layout":"default","site-content-layout":"","ast-site-content-layout":"default","site-content-style":"default","site-sidebar-style":"default","ast-global-header-display":"","ast-banner-title-visibility":"","ast-main-header-display":"","ast-hfb-above-header-display":"","ast-hfb-below-header-display":"","ast-hfb-mobile-header-display":"","site-post-title":"","ast-breadcrumbs-content":"","ast-featured-img":"","footer-sml-layout":"","ast-disable-related-posts":"","theme-transparent-header-meta":"","adv-header-id-meta":"","stick-header-meta":"","header-above-stick-meta":"","header-main-stick-meta":"","header-below-stick-meta":"","astra-migrate-meta-layouts":"default","ast-page-background-enabled":"default","ast-page-background-meta":{"desktop":{"background-color":"var(--ast-global-color-4)","background-image":"","background-repeat":"repeat","background-position":"center center","background-size":"auto","background-attachment":"scroll","background-type":"","background-media":"","overlay-type":"","overlay-color":"","overlay-opacity":"","overlay-gradient":""},"tablet":{"background-color":"","background-image":"","background-repeat":"repeat","background-position":"center center","background-size":"auto","background-attachment":"scroll","background-type":"","background-media":"","overlay-type":"","overlay-color":"","overlay-opacity":"","overlay-gradient":""},"mobile":{"background-color":"","background-image":"","background-repeat":"repeat","background-position":"center center","background-size":"auto","background-attachment":"scroll","background-type":"","background-media":"","overlay-type":"","overlay-color":"","overlay-opacity":"","overlay-gradient":""}},"ast-content-background-meta":{"desktop":{"background-color":"var(--ast-global-color-5)","background-image":"","background-repeat":"repeat","background-position":"center center","background-size":"auto","background-attachment":"scroll","background-type":"","background-media":"","overlay-type":"","overlay-color":"","overlay-opacity":"","overlay-gradient":""},"tablet":{"background-color":"var(--ast-global-color-5)","background-image":"","background-repeat":"repeat","background-position":"center center","background-size":"auto","background-attachment":"scroll","background-type":"","background-media":"","overlay-type":"","overlay-color":"","overlay-opacity":"","overlay-gradient":""},"mobile":{"background-color":"var(--ast-global-color-5)","background-image":"","background-repeat":"repeat","background-position":"center center","background-size":"auto","background-attachment":"scroll","background-type":"","background-media":"","overlay-type":"","overlay-color":"","overlay-opacity":"","overlay-gradient":""}},"footnotes":""},"categories":[46,43,45,55],"tags":[47,50,56],"class_list":["post-1073","post","type-post","status-publish","format-standard","has-post-thumbnail","hentry","category-actualites","category-archivage-hybride","category-gestion-documentaire","category-webinars","tag-archives","tag-gestion-documentaire","tag-webinars"],"yoast_head":"<!-- This site is optimized with the Yoast SEO plugin v25.6 - https:\/\/yoast.com\/wordpress\/plugins\/seo\/ -->\r\n<title>webinaire gestion communication documents \u00e9lectroniques<\/title>\r\n<meta name=\"description\" content=\"Visionnez le replay de notre webinaire sur la gestion et la communication des documents \u00e9lectroniques.\" \/>\r\n<meta name=\"robots\" content=\"index, follow, max-snippet:-1, max-image-preview:large, max-video-preview:-1\" \/>\r\n<link rel=\"canonical\" href=\"https:\/\/elp.fr\/index.php\/replay-webinaire-gerer-la-collecte-le-traitement-lindexation-et-la-communication-des-documents-electroniques\/\" \/>\r\n<meta property=\"og:locale\" content=\"fr_FR\" \/>\r\n<meta property=\"og:type\" content=\"article\" \/>\r\n<meta property=\"og:title\" content=\"webinaire gestion communication documents \u00e9lectroniques\" \/>\r\n<meta property=\"og:description\" content=\"Visionnez le replay de notre webinaire sur la gestion et la communication des documents \u00e9lectroniques.\" \/>\r\n<meta property=\"og:url\" content=\"https:\/\/elp.fr\/index.php\/replay-webinaire-gerer-la-collecte-le-traitement-lindexation-et-la-communication-des-documents-electroniques\/\" \/>\r\n<meta property=\"og:site_name\" content=\"ELP - Edition de Logiciels Professionnels\" \/>\r\n<meta property=\"article:published_time\" content=\"2024-12-23T15:17:32+00:00\" \/>\r\n<meta property=\"article:modified_time\" content=\"2025-04-15T13:55:02+00:00\" \/>\r\n<meta property=\"og:image\" content=\"https:\/\/elp.fr\/wp-content\/uploads\/2024\/12\/AdobeStock_580490659-scaled-1.jpeg\" \/>\r\n\t<meta property=\"og:image:width\" content=\"2560\" \/>\r\n\t<meta property=\"og:image:height\" content=\"1440\" \/>\r\n\t<meta property=\"og:image:type\" content=\"image\/jpeg\" \/>\r\n<meta name=\"author\" content=\"ANA\" \/>\r\n<meta name=\"twitter:card\" content=\"summary_large_image\" \/>\r\n<meta name=\"twitter:creator\" content=\"@societe_elp\" \/>\r\n<meta name=\"twitter:site\" content=\"@societe_elp\" \/>\r\n<meta name=\"twitter:label1\" content=\"\u00c9crit par\" \/>\n\t<meta name=\"twitter:data1\" content=\"ANA\" \/>\n\t<meta name=\"twitter:label2\" content=\"Dur\u00e9e de lecture estim\u00e9e\" \/>\n\t<meta name=\"twitter:data2\" content=\"4 minutes\" \/>\r\n<script type=\"application\/ld+json\" class=\"yoast-schema-graph\">{\"@context\":\"https:\/\/schema.org\",\"@graph\":[{\"@type\":\"Article\",\"@id\":\"https:\/\/elp.fr\/index.php\/replay-webinaire-gerer-la-collecte-le-traitement-lindexation-et-la-communication-des-documents-electroniques\/#article\",\"isPartOf\":{\"@id\":\"https:\/\/elp.fr\/index.php\/replay-webinaire-gerer-la-collecte-le-traitement-lindexation-et-la-communication-des-documents-electroniques\/\"},\"author\":{\"name\":\"ANA\",\"@id\":\"https:\/\/elp.fr\/#\/schema\/person\/baddc5f4872471f9155d3f3789abe3d8\"},\"headline\":\"[REPLAY WEBINAIRE] G\u00e9rer la collecte, le traitement, l\u2019indexation et la communication des documents \u00e9lectroniques\",\"datePublished\":\"2024-12-23T15:17:32+00:00\",\"dateModified\":\"2025-04-15T13:55:02+00:00\",\"mainEntityOfPage\":{\"@id\":\"https:\/\/elp.fr\/index.php\/replay-webinaire-gerer-la-collecte-le-traitement-lindexation-et-la-communication-des-documents-electroniques\/\"},\"wordCount\":588,\"commentCount\":0,\"publisher\":{\"@id\":\"https:\/\/elp.fr\/#organization\"},\"image\":{\"@id\":\"https:\/\/elp.fr\/index.php\/replay-webinaire-gerer-la-collecte-le-traitement-lindexation-et-la-communication-des-documents-electroniques\/#primaryimage\"},\"thumbnailUrl\":\"https:\/\/elp.fr\/wp-content\/uploads\/2024\/12\/AdobeStock_580490659-scaled-1.jpeg\",\"keywords\":[\"Archives\",\"Gestion documentaire\",\"Webinars\"],\"articleSection\":[\"Actualit\u00e9s\",\"Archivage hybride\",\"Gestion documentaire\",\"Webinars\"],\"inLanguage\":\"fr-FR\",\"potentialAction\":[{\"@type\":\"CommentAction\",\"name\":\"Comment\",\"target\":[\"https:\/\/elp.fr\/index.php\/replay-webinaire-gerer-la-collecte-le-traitement-lindexation-et-la-communication-des-documents-electroniques\/#respond\"]}]},{\"@type\":\"WebPage\",\"@id\":\"https:\/\/elp.fr\/index.php\/replay-webinaire-gerer-la-collecte-le-traitement-lindexation-et-la-communication-des-documents-electroniques\/\",\"url\":\"https:\/\/elp.fr\/index.php\/replay-webinaire-gerer-la-collecte-le-traitement-lindexation-et-la-communication-des-documents-electroniques\/\",\"name\":\"webinaire gestion communication documents \u00e9lectroniques\",\"isPartOf\":{\"@id\":\"https:\/\/elp.fr\/#website\"},\"primaryImageOfPage\":{\"@id\":\"https:\/\/elp.fr\/index.php\/replay-webinaire-gerer-la-collecte-le-traitement-lindexation-et-la-communication-des-documents-electroniques\/#primaryimage\"},\"image\":{\"@id\":\"https:\/\/elp.fr\/index.php\/replay-webinaire-gerer-la-collecte-le-traitement-lindexation-et-la-communication-des-documents-electroniques\/#primaryimage\"},\"thumbnailUrl\":\"https:\/\/elp.fr\/wp-content\/uploads\/2024\/12\/AdobeStock_580490659-scaled-1.jpeg\",\"datePublished\":\"2024-12-23T15:17:32+00:00\",\"dateModified\":\"2025-04-15T13:55:02+00:00\",\"description\":\"Visionnez le replay de notre webinaire sur la gestion et la communication des documents \u00e9lectroniques.\",\"breadcrumb\":{\"@id\":\"https:\/\/elp.fr\/index.php\/replay-webinaire-gerer-la-collecte-le-traitement-lindexation-et-la-communication-des-documents-electroniques\/#breadcrumb\"},\"inLanguage\":\"fr-FR\",\"potentialAction\":[{\"@type\":\"ReadAction\",\"target\":[\"https:\/\/elp.fr\/index.php\/replay-webinaire-gerer-la-collecte-le-traitement-lindexation-et-la-communication-des-documents-electroniques\/\"]}]},{\"@type\":\"ImageObject\",\"inLanguage\":\"fr-FR\",\"@id\":\"https:\/\/elp.fr\/index.php\/replay-webinaire-gerer-la-collecte-le-traitement-lindexation-et-la-communication-des-documents-electroniques\/#primaryimage\",\"url\":\"https:\/\/elp.fr\/wp-content\/uploads\/2024\/12\/AdobeStock_580490659-scaled-1.jpeg\",\"contentUrl\":\"https:\/\/elp.fr\/wp-content\/uploads\/2024\/12\/AdobeStock_580490659-scaled-1.jpeg\",\"width\":2560,\"height\":1440},{\"@type\":\"BreadcrumbList\",\"@id\":\"https:\/\/elp.fr\/index.php\/replay-webinaire-gerer-la-collecte-le-traitement-lindexation-et-la-communication-des-documents-electroniques\/#breadcrumb\",\"itemListElement\":[{\"@type\":\"ListItem\",\"position\":1,\"name\":\"Accueil\",\"item\":\"https:\/\/elp.fr\/\"},{\"@type\":\"ListItem\",\"position\":2,\"name\":\"[REPLAY WEBINAIRE] G\u00e9rer la collecte, le traitement, l\u2019indexation et la communication des documents \u00e9lectroniques\"}]},{\"@type\":\"WebSite\",\"@id\":\"https:\/\/elp.fr\/#website\",\"url\":\"https:\/\/elp.fr\/\",\"name\":\"ELP\",\"description\":\"Solutions logicielles sur mesure : gestion documentaire, archivage et optimisation industrielle\",\"publisher\":{\"@id\":\"https:\/\/elp.fr\/#organization\"},\"potentialAction\":[{\"@type\":\"SearchAction\",\"target\":{\"@type\":\"EntryPoint\",\"urlTemplate\":\"https:\/\/elp.fr\/?s={search_term_string}\"},\"query-input\":{\"@type\":\"PropertyValueSpecification\",\"valueRequired\":true,\"valueName\":\"search_term_string\"}}],\"inLanguage\":\"fr-FR\"},{\"@type\":\"Organization\",\"@id\":\"https:\/\/elp.fr\/#organization\",\"name\":\"ELP Edition de Logiciels Professionnels\",\"url\":\"https:\/\/elp.fr\/\",\"logo\":{\"@type\":\"ImageObject\",\"inLanguage\":\"fr-FR\",\"@id\":\"https:\/\/elp.fr\/#\/schema\/logo\/image\/\",\"url\":\"https:\/\/elp.fr\/wp-content\/uploads\/2025\/01\/Plan-de-travail-4.png\",\"contentUrl\":\"https:\/\/elp.fr\/wp-content\/uploads\/2025\/01\/Plan-de-travail-4.png\",\"width\":213,\"height\":206,\"caption\":\"ELP Edition de Logiciels Professionnels\"},\"image\":{\"@id\":\"https:\/\/elp.fr\/#\/schema\/logo\/image\/\"},\"sameAs\":[\"https:\/\/x.com\/societe_elp\"]},{\"@type\":\"Person\",\"@id\":\"https:\/\/elp.fr\/#\/schema\/person\/baddc5f4872471f9155d3f3789abe3d8\",\"name\":\"ANA\",\"sameAs\":[\"https:\/\/elp.fr\"],\"url\":\"https:\/\/elp.fr\/index.php\/author\/ana\/\"}]}<\/script>\r\n<!-- \/ Yoast SEO plugin. -->","yoast_head_json":{"title":"webinaire gestion communication documents \u00e9lectroniques","description":"Visionnez le replay de notre webinaire sur la gestion et la communication des documents \u00e9lectroniques.","robots":{"index":"index","follow":"follow","max-snippet":"max-snippet:-1","max-image-preview":"max-image-preview:large","max-video-preview":"max-video-preview:-1"},"canonical":"https:\/\/elp.fr\/index.php\/replay-webinaire-gerer-la-collecte-le-traitement-lindexation-et-la-communication-des-documents-electroniques\/","og_locale":"fr_FR","og_type":"article","og_title":"webinaire gestion communication documents \u00e9lectroniques","og_description":"Visionnez le replay de notre webinaire sur la gestion et la communication des documents \u00e9lectroniques.","og_url":"https:\/\/elp.fr\/index.php\/replay-webinaire-gerer-la-collecte-le-traitement-lindexation-et-la-communication-des-documents-electroniques\/","og_site_name":"ELP - Edition de Logiciels Professionnels","article_published_time":"2024-12-23T15:17:32+00:00","article_modified_time":"2025-04-15T13:55:02+00:00","og_image":[{"width":2560,"height":1440,"url":"https:\/\/elp.fr\/wp-content\/uploads\/2024\/12\/AdobeStock_580490659-scaled-1.jpeg","type":"image\/jpeg"}],"author":"ANA","twitter_card":"summary_large_image","twitter_creator":"@societe_elp","twitter_site":"@societe_elp","twitter_misc":{"\u00c9crit par":"ANA","Dur\u00e9e de lecture estim\u00e9e":"4 minutes"},"schema":{"@context":"https:\/\/schema.org","@graph":[{"@type":"Article","@id":"https:\/\/elp.fr\/index.php\/replay-webinaire-gerer-la-collecte-le-traitement-lindexation-et-la-communication-des-documents-electroniques\/#article","isPartOf":{"@id":"https:\/\/elp.fr\/index.php\/replay-webinaire-gerer-la-collecte-le-traitement-lindexation-et-la-communication-des-documents-electroniques\/"},"author":{"name":"ANA","@id":"https:\/\/elp.fr\/#\/schema\/person\/baddc5f4872471f9155d3f3789abe3d8"},"headline":"[REPLAY WEBINAIRE] G\u00e9rer la collecte, le traitement, l\u2019indexation et la communication des documents \u00e9lectroniques","datePublished":"2024-12-23T15:17:32+00:00","dateModified":"2025-04-15T13:55:02+00:00","mainEntityOfPage":{"@id":"https:\/\/elp.fr\/index.php\/replay-webinaire-gerer-la-collecte-le-traitement-lindexation-et-la-communication-des-documents-electroniques\/"},"wordCount":588,"commentCount":0,"publisher":{"@id":"https:\/\/elp.fr\/#organization"},"image":{"@id":"https:\/\/elp.fr\/index.php\/replay-webinaire-gerer-la-collecte-le-traitement-lindexation-et-la-communication-des-documents-electroniques\/#primaryimage"},"thumbnailUrl":"https:\/\/elp.fr\/wp-content\/uploads\/2024\/12\/AdobeStock_580490659-scaled-1.jpeg","keywords":["Archives","Gestion documentaire","Webinars"],"articleSection":["Actualit\u00e9s","Archivage hybride","Gestion documentaire","Webinars"],"inLanguage":"fr-FR","potentialAction":[{"@type":"CommentAction","name":"Comment","target":["https:\/\/elp.fr\/index.php\/replay-webinaire-gerer-la-collecte-le-traitement-lindexation-et-la-communication-des-documents-electroniques\/#respond"]}]},{"@type":"WebPage","@id":"https:\/\/elp.fr\/index.php\/replay-webinaire-gerer-la-collecte-le-traitement-lindexation-et-la-communication-des-documents-electroniques\/","url":"https:\/\/elp.fr\/index.php\/replay-webinaire-gerer-la-collecte-le-traitement-lindexation-et-la-communication-des-documents-electroniques\/","name":"webinaire gestion communication documents \u00e9lectroniques","isPartOf":{"@id":"https:\/\/elp.fr\/#website"},"primaryImageOfPage":{"@id":"https:\/\/elp.fr\/index.php\/replay-webinaire-gerer-la-collecte-le-traitement-lindexation-et-la-communication-des-documents-electroniques\/#primaryimage"},"image":{"@id":"https:\/\/elp.fr\/index.php\/replay-webinaire-gerer-la-collecte-le-traitement-lindexation-et-la-communication-des-documents-electroniques\/#primaryimage"},"thumbnailUrl":"https:\/\/elp.fr\/wp-content\/uploads\/2024\/12\/AdobeStock_580490659-scaled-1.jpeg","datePublished":"2024-12-23T15:17:32+00:00","dateModified":"2025-04-15T13:55:02+00:00","description":"Visionnez le replay de notre webinaire sur la gestion et la communication des documents \u00e9lectroniques.","breadcrumb":{"@id":"https:\/\/elp.fr\/index.php\/replay-webinaire-gerer-la-collecte-le-traitement-lindexation-et-la-communication-des-documents-electroniques\/#breadcrumb"},"inLanguage":"fr-FR","potentialAction":[{"@type":"ReadAction","target":["https:\/\/elp.fr\/index.php\/replay-webinaire-gerer-la-collecte-le-traitement-lindexation-et-la-communication-des-documents-electroniques\/"]}]},{"@type":"ImageObject","inLanguage":"fr-FR","@id":"https:\/\/elp.fr\/index.php\/replay-webinaire-gerer-la-collecte-le-traitement-lindexation-et-la-communication-des-documents-electroniques\/#primaryimage","url":"https:\/\/elp.fr\/wp-content\/uploads\/2024\/12\/AdobeStock_580490659-scaled-1.jpeg","contentUrl":"https:\/\/elp.fr\/wp-content\/uploads\/2024\/12\/AdobeStock_580490659-scaled-1.jpeg","width":2560,"height":1440},{"@type":"BreadcrumbList","@id":"https:\/\/elp.fr\/index.php\/replay-webinaire-gerer-la-collecte-le-traitement-lindexation-et-la-communication-des-documents-electroniques\/#breadcrumb","itemListElement":[{"@type":"ListItem","position":1,"name":"Accueil","item":"https:\/\/elp.fr\/"},{"@type":"ListItem","position":2,"name":"[REPLAY WEBINAIRE] G\u00e9rer la collecte, le traitement, l\u2019indexation et la communication des documents \u00e9lectroniques"}]},{"@type":"WebSite","@id":"https:\/\/elp.fr\/#website","url":"https:\/\/elp.fr\/","name":"ELP","description":"Solutions logicielles sur mesure : gestion documentaire, archivage et optimisation industrielle","publisher":{"@id":"https:\/\/elp.fr\/#organization"},"potentialAction":[{"@type":"SearchAction","target":{"@type":"EntryPoint","urlTemplate":"https:\/\/elp.fr\/?s={search_term_string}"},"query-input":{"@type":"PropertyValueSpecification","valueRequired":true,"valueName":"search_term_string"}}],"inLanguage":"fr-FR"},{"@type":"Organization","@id":"https:\/\/elp.fr\/#organization","name":"ELP Edition de Logiciels Professionnels","url":"https:\/\/elp.fr\/","logo":{"@type":"ImageObject","inLanguage":"fr-FR","@id":"https:\/\/elp.fr\/#\/schema\/logo\/image\/","url":"https:\/\/elp.fr\/wp-content\/uploads\/2025\/01\/Plan-de-travail-4.png","contentUrl":"https:\/\/elp.fr\/wp-content\/uploads\/2025\/01\/Plan-de-travail-4.png","width":213,"height":206,"caption":"ELP Edition de Logiciels Professionnels"},"image":{"@id":"https:\/\/elp.fr\/#\/schema\/logo\/image\/"},"sameAs":["https:\/\/x.com\/societe_elp"]},{"@type":"Person","@id":"https:\/\/elp.fr\/#\/schema\/person\/baddc5f4872471f9155d3f3789abe3d8","name":"ANA","sameAs":["https:\/\/elp.fr"],"url":"https:\/\/elp.fr\/index.php\/author\/ana\/"}]}},"uagb_featured_image_src":{"full":["https:\/\/elp.fr\/wp-content\/uploads\/2024\/12\/AdobeStock_580490659-scaled-1.jpeg",2560,1440,false],"thumbnail":["https:\/\/elp.fr\/wp-content\/uploads\/2024\/12\/AdobeStock_580490659-scaled-1.jpeg",150,84,false],"medium":["https:\/\/elp.fr\/wp-content\/uploads\/2024\/12\/AdobeStock_580490659-scaled-1.jpeg",300,169,false],"medium_large":["https:\/\/elp.fr\/wp-content\/uploads\/2024\/12\/AdobeStock_580490659-scaled-1.jpeg",768,432,false],"large":["https:\/\/elp.fr\/wp-content\/uploads\/2024\/12\/AdobeStock_580490659-scaled-1.jpeg",1024,576,false],"1536x1536":["https:\/\/elp.fr\/wp-content\/uploads\/2024\/12\/AdobeStock_580490659-scaled-1.jpeg",1536,864,false],"2048x2048":["https:\/\/elp.fr\/wp-content\/uploads\/2024\/12\/AdobeStock_580490659-scaled-1.jpeg",2048,1152,false]},"uagb_author_info":{"display_name":"ANA","author_link":"https:\/\/elp.fr\/index.php\/author\/ana\/"},"uagb_comment_info":0,"uagb_excerpt":"D\u00e9couvrez dans le replay de ce webinaire la gestion de la communication documents \u00e9lectroniques, avec Hyperdhoc Archive. G\u00e9rer la collecte, [&hellip;]","_links":{"self":[{"href":"https:\/\/elp.fr\/index.php\/wp-json\/wp\/v2\/posts\/1073"}],"collection":[{"href":"https:\/\/elp.fr\/index.php\/wp-json\/wp\/v2\/posts"}],"about":[{"href":"https:\/\/elp.fr\/index.php\/wp-json\/wp\/v2\/types\/post"}],"author":[{"embeddable":true,"href":"https:\/\/elp.fr\/index.php\/wp-json\/wp\/v2\/users\/1"}],"replies":[{"embeddable":true,"href":"https:\/\/elp.fr\/index.php\/wp-json\/wp\/v2\/comments?post=1073"}],"version-history":[{"count":10,"href":"https:\/\/elp.fr\/index.php\/wp-json\/wp\/v2\/posts\/1073\/revisions"}],"predecessor-version":[{"id":3153,"href":"https:\/\/elp.fr\/index.php\/wp-json\/wp\/v2\/posts\/1073\/revisions\/3153"}],"wp:featuredmedia":[{"embeddable":true,"href":"https:\/\/elp.fr\/index.php\/wp-json\/wp\/v2\/media\/1074"}],"wp:attachment":[{"href":"https:\/\/elp.fr\/index.php\/wp-json\/wp\/v2\/media?parent=1073"}],"wp:term":[{"taxonomy":"category","embeddable":true,"href":"https:\/\/elp.fr\/index.php\/wp-json\/wp\/v2\/categories?post=1073"},{"taxonomy":"post_tag","embeddable":true,"href":"https:\/\/elp.fr\/index.php\/wp-json\/wp\/v2\/tags?post=1073"}],"curies":[{"name":"wp","href":"https:\/\/api.w.org\/{rel}","templated":true}]}}